{"id":20675,"date":"2025-02-19T21:30:45","date_gmt":"2025-02-19T18:30:45","guid":{"rendered":"https:\/\/www.egemtv.com\/?p=20675"},"modified":"2025-02-19T21:30:58","modified_gmt":"2025-02-19T18:30:58","slug":"park-halindeki-arac-alev-aldi","status":"publish","type":"post","link":"https:\/\/www.egemtv.com\/?p=20675","title":{"rendered":"Park halindeki ara\u00e7 alev ald\u0131"},"content":{"rendered":"<p>Mu\u011fla\u2019n\u0131n Marmaris il\u00e7esinde park halindeki bir otomobilde \u00e7\u0131kan yang\u0131n, b\u00f6lgeden ge\u00e7en motokuryelerin m\u00fcdahalesi ile s\u00f6nd\u00fcr\u00fcld\u00fc.<br \/>\n<br \/>Edinilen bilgiye g\u00f6re, 19 May\u0131s Meydan\u0131\u2019n\u0131n arka soka\u011f\u0131nda park halindeki bir ara\u00e7 alev ald\u0131. Yang\u0131n\u0131 fark eden yoldan ge\u00e7en motokuryeler, yanlar\u0131nda bulunan yang\u0131n t\u00fcpleriyle alevlere m\u00fcdahale etti. \u0130tfaiye ekipleri olay yerine ula\u015fmadan yang\u0131n\u0131 kontrol alt\u0131na almay\u0131 ba\u015faran motokuryeler, \u00e7evredeki vatanda\u015flar\u0131n takdirini toplad\u0131. Yang\u0131nda can kayb\u0131 veya yaralanma olmad\u0131\u011f\u0131 \u00f6\u011frenilirken, arac\u0131n sahibi b\u00fcy\u00fck bir \u015fok ya\u015fayarak sinir krizi ge\u00e7irdi. \u0130tfaiye ekipleri, yang\u0131n\u0131n \u00e7\u0131k\u0131\u015f nedenini belirlemek i\u00e7in inceleme ba\u015flat\u0131rken, polis ekipleri de \u00e7evrede g\u00fcvenlik \u00f6nlemi ald\u0131.<br \/><\/p>\n","protected":false},"excerpt":{"rendered":"<p>Mu\u011fla\u2019n\u0131n Marmaris il\u00e7esinde park halindeki bir otomobilde \u00e7\u0131kan yang\u0131n, b\u00f6lgeden ge\u00e7en motokuryelerin m\u00fcdahalesi ile s\u00f6nd\u00fcr\u00fcld\u00fc. Edinilen bilgiye g\u00f6re, 19 May\u0131s Meydan\u0131\u2019n\u0131n arka soka\u011f\u0131nda park halindeki bir ara\u00e7 alev ald\u0131. Yang\u0131n\u0131 fark eden yoldan ge\u00e7en motokuryeler, yanlar\u0131nda bulunan yang\u0131n t\u00fcpleriyle alevlere m\u00fcdahale etti. \u0130tfaiye ekipleri olay yerine ula\u015fmadan yang\u0131n\u0131 kontrol alt\u0131na almay\u0131 ba\u015faran motokuryeler, \u00e7evredeki vatanda\u015flar\u0131n&#8230;<\/p>\n","protected":false},"author":1,"featured_media":20676,"comment_status":"open","ping_status":"open","sticky":false,"template":"","format":"standard","meta":{"_crdt_document":"","footnotes":""},"categories":[5],"tags":[],"class_list":["post-20675","post","type-post","status-publish","format-standard","has-post-thumbnail","hentry","category-asayis"],"_links":{"self":[{"href":"https:\/\/www.egemtv.com\/index.php?rest_route=\/wp\/v2\/posts\/20675","targetHints":{"allow":["GET"]}}],"collection":[{"href":"https:\/\/www.egemtv.com\/index.php?rest_route=\/wp\/v2\/posts"}],"about":[{"href":"https:\/\/www.egemtv.com\/index.php?rest_route=\/wp\/v2\/types\/post"}],"author":[{"embeddable":true,"href":"https:\/\/www.egemtv.com\/index.php?rest_route=\/wp\/v2\/users\/1"}],"replies":[{"embeddable":true,"href":"https:\/\/www.egemtv.com\/index.php?rest_route=%2Fwp%2Fv2%2Fcomments&post=20675"}],"version-history":[{"count":1,"href":"https:\/\/www.egemtv.com\/index.php?rest_route=\/wp\/v2\/posts\/20675\/revisions"}],"predecessor-version":[{"id":20679,"href":"https:\/\/www.egemtv.com\/index.php?rest_route=\/wp\/v2\/posts\/20675\/revisions\/20679"}],"wp:featuredmedia":[{"embeddable":true,"href":"https:\/\/www.egemtv.com\/index.php?rest_route=\/wp\/v2\/media\/20676"}],"wp:attachment":[{"href":"https:\/\/www.egemtv.com\/index.php?rest_route=%2Fwp%2Fv2%2Fmedia&parent=20675"}],"wp:term":[{"taxonomy":"category","embeddable":true,"href":"https:\/\/www.egemtv.com\/index.php?rest_route=%2Fwp%2Fv2%2Fcategories&post=20675"},{"taxonomy":"post_tag","embeddable":true,"href":"https:\/\/www.egemtv.com\/index.php?rest_route=%2Fwp%2Fv2%2Ftags&post=20675"}],"curies":[{"name":"wp","href":"https:\/\/api.w.org\/{rel}","templated":true}]}}