{"id":20672,"date":"2025-02-19T21:17:36","date_gmt":"2025-02-19T18:17:36","guid":{"rendered":"https:\/\/www.egemtv.com\/?p=20672"},"modified":"2025-02-19T21:17:40","modified_gmt":"2025-02-19T18:17:40","slug":"kusadasi-ticaret-odasinin-hizmet-kalitesi-bir-kez-daha-basariyla-belgelendi","status":"publish","type":"post","link":"https:\/\/www.egemtv.com\/?p=20672","title":{"rendered":"Ku\u015fadas\u0131 Ticaret Odas\u0131\u2019n\u0131n hizmet kalitesi bir kez daha ba\u015far\u0131yla belgelendi"},"content":{"rendered":"<p>Kaliteli hizmet anlay\u0131\u015f\u0131n\u0131 belgelendiren Ku\u015fadas\u0131 Ticaret Odas\u0131, ISO 9001 Kalite Y\u00f6netim Sistemi Belge Yenileme Denetim Tetkikinden bir kez daha ba\u015far\u0131yla ge\u00e7ti.<\/p>\n<p>Denetimi ger\u00e7ekle\u015ftiren T\u00fcrk Standartlar\u0131 Enstit\u00fcs\u00fc (TSE) Ege B\u00f6lge Koordinat\u00f6r\u00fc K\u00fcr\u015fat Y\u0131lmaz ve TSE Y\u00f6netim Temsilcisi ve Planlama \u015eefi Hasan S\u00f6zkesen, t\u00fcm g\u00fcn boyunca ger\u00e7ekle\u015ftirilen denetim sonucunda, tetkikten ba\u015far\u0131yla ge\u00e7en Ku\u015fadas\u0131 Ticaret Odas\u0131\u2019n\u0131n sistemi uygulamadaki ba\u015far\u0131s\u0131n\u0131n iyi bir \u00f6rnek te\u015fkil etti\u011fini dile getirdi.<\/p>\n<p>Ku\u015fadas\u0131 Ticaret Odas\u0131 Genel Sekreter Yard\u0131mc\u0131s\u0131- Akreditasyon ve Kalite Y\u00f6netim Temsilcisi Merve Kahyao\u011flu ile Oda Sicil Memuru Aleyna Durmu\u015f\u2019un g\u00fcn boyu haz\u0131r bulundu\u011fu denetimin a\u00e7\u0131l\u0131\u015f ve kapan\u0131\u015f toplant\u0131lar\u0131, Ku\u015fadas\u0131 Ticaret Odas\u0131 personelinin kat\u0131l\u0131m\u0131yla ger\u00e7ekle\u015ftirildi.<br \/><\/p>\n","protected":false},"excerpt":{"rendered":"<p>Kaliteli hizmet anlay\u0131\u015f\u0131n\u0131 belgelendiren Ku\u015fadas\u0131 Ticaret Odas\u0131, ISO 9001 Kalite Y\u00f6netim Sistemi Belge Yenileme Denetim Tetkikinden bir kez daha ba\u015far\u0131yla ge\u00e7ti. Denetimi ger\u00e7ekle\u015ftiren T\u00fcrk Standartlar\u0131 Enstit\u00fcs\u00fc (TSE) Ege B\u00f6lge Koordinat\u00f6r\u00fc K\u00fcr\u015fat Y\u0131lmaz ve TSE Y\u00f6netim Temsilcisi ve Planlama \u015eefi Hasan S\u00f6zkesen, t\u00fcm g\u00fcn boyunca ger\u00e7ekle\u015ftirilen denetim sonucunda, tetkikten ba\u015far\u0131yla ge\u00e7en Ku\u015fadas\u0131 Ticaret Odas\u0131\u2019n\u0131n sistemi uygulamadaki&#8230;<\/p>\n","protected":false},"author":1,"featured_media":20673,"comment_status":"open","ping_status":"open","sticky":false,"template":"","format":"standard","meta":{"_crdt_document":"","footnotes":""},"categories":[125],"tags":[],"class_list":["post-20672","post","type-post","status-publish","format-standard","has-post-thumbnail","hentry","category-ekonomi"],"_links":{"self":[{"href":"https:\/\/www.egemtv.com\/index.php?rest_route=\/wp\/v2\/posts\/20672","targetHints":{"allow":["GET"]}}],"collection":[{"href":"https:\/\/www.egemtv.com\/index.php?rest_route=\/wp\/v2\/posts"}],"about":[{"href":"https:\/\/www.egemtv.com\/index.php?rest_route=\/wp\/v2\/types\/post"}],"author":[{"embeddable":true,"href":"https:\/\/www.egemtv.com\/index.php?rest_route=\/wp\/v2\/users\/1"}],"replies":[{"embeddable":true,"href":"https:\/\/www.egemtv.com\/index.php?rest_route=%2Fwp%2Fv2%2Fcomments&post=20672"}],"version-history":[{"count":1,"href":"https:\/\/www.egemtv.com\/index.php?rest_route=\/wp\/v2\/posts\/20672\/revisions"}],"predecessor-version":[{"id":20674,"href":"https:\/\/www.egemtv.com\/index.php?rest_route=\/wp\/v2\/posts\/20672\/revisions\/20674"}],"wp:featuredmedia":[{"embeddable":true,"href":"https:\/\/www.egemtv.com\/index.php?rest_route=\/wp\/v2\/media\/20673"}],"wp:attachment":[{"href":"https:\/\/www.egemtv.com\/index.php?rest_route=%2Fwp%2Fv2%2Fmedia&parent=20672"}],"wp:term":[{"taxonomy":"category","embeddable":true,"href":"https:\/\/www.egemtv.com\/index.php?rest_route=%2Fwp%2Fv2%2Fcategories&post=20672"},{"taxonomy":"post_tag","embeddable":true,"href":"https:\/\/www.egemtv.com\/index.php?rest_route=%2Fwp%2Fv2%2Ftags&post=20672"}],"curies":[{"name":"wp","href":"https:\/\/api.w.org\/{rel}","templated":true}]}}