{"id":20669,"date":"2025-02-19T21:17:31","date_gmt":"2025-02-19T18:17:31","guid":{"rendered":"https:\/\/www.egemtv.com\/?p=20669"},"modified":"2025-02-19T21:17:36","modified_gmt":"2025-02-19T18:17:36","slug":"baskan-yetiskin-yangin-magduru-aileye-sahip-cikti","status":"publish","type":"post","link":"https:\/\/www.egemtv.com\/?p=20669","title":{"rendered":"Ba\u015fkan Yeti\u015fkin, yang\u0131n ma\u011fduru aileye sahip \u00e7\u0131kt\u0131"},"content":{"rendered":"<p>Efeler Belediye Ba\u015fkan\u0131 An\u0131l Yeti\u015fkin, yang\u0131nda evleri kullan\u0131lamaz hale gelen aileye kucak a\u00e7t\u0131. Alevler nedeniyle sokakta kalan 1\u2019i \u00e7ocuk toplam 4 ki\u015fi, ge\u00e7ti\u011fimiz g\u00fcnlerde hizmete a\u00e7\u0131lan T\u00fcrkan Saylan Misafirhanesi\u2019ne yerle\u015ftirildi.<br \/>\n<br \/>Olay, Me\u015frutiyet Mahallesi 2077. Sokak\u2019ta meydana geldi. Hen\u00fcz belirlenemeyen bir nedenle \u00e7\u0131kan yang\u0131nda bir ev kullan\u0131lamaz hale geldi. Ya\u015fananlar\u0131n ard\u0131ndan h\u0131zla harekete ge\u00e7en Efeler Belediye Ba\u015fkan\u0131 An\u0131l Yeti\u015fkin, sosyal belediyecilik anlay\u0131\u015f\u0131n\u0131n en g\u00fczel \u00f6rneklerinden birini sergiledi.<br \/>\n<br \/>Aileyle dayan\u0131\u015fma ba\u011f\u0131 kuran Ba\u015fkan Yeti\u015fkin, ge\u00e7ti\u011fimiz g\u00fcnlerde hizmete sundu\u011fu T\u00fcrkan Saylan Misafirhanesi\u2019nin kap\u0131lar\u0131n\u0131 bu kez yang\u0131n ma\u011fduru 1\u2019i \u00e7ocuk olmak \u00fczere 4 ki\u015fiye a\u00e7t\u0131.<br \/>\n<br \/>Aile, bu anlaml\u0131 davran\u0131\u015f\u0131 nedeniyle Ba\u015fkan Yeti\u015fkin\u2019e te\u015fekk\u00fcr etti ve \u00e7aresiz kald\u0131klar\u0131 anda kendilerine uzat\u0131lan bu yard\u0131m elini asla unutmayacaklar\u0131n\u0131 ifade etti.<br \/>\n<br \/>T\u00fcrkan Saylan Misafirhanesi\u2019nde olduk\u00e7a ho\u015f ve nazik kar\u015f\u0131lad\u0131klar\u0131n\u0131 s\u00f6yleyen aile, mek\u00e2n\u0131n t\u00fcm imkanlar\u0131ndan \u00fccretsiz olarak faydalanacak.<br \/>\n<br \/>\u00d6te yandan Ba\u015fkan Yeti\u015fkin, k\u00fcle d\u00f6nen evde yap\u0131lacak incelemelerin ard\u0131ndan \u00fcst\u00fcne d\u00fc\u015feni yapmaya haz\u0131r olduklar\u0131n\u0131 ifade ederek yard\u0131m severlere de ailenin yan\u0131nda olma \u00e7a\u011fr\u0131s\u0131nda bulundu.<br \/><\/p>\n","protected":false},"excerpt":{"rendered":"<p>Efeler Belediye Ba\u015fkan\u0131 An\u0131l Yeti\u015fkin, yang\u0131nda evleri kullan\u0131lamaz hale gelen aileye kucak a\u00e7t\u0131. Alevler nedeniyle sokakta kalan 1\u2019i \u00e7ocuk toplam 4 ki\u015fi, ge\u00e7ti\u011fimiz g\u00fcnlerde hizmete a\u00e7\u0131lan T\u00fcrkan Saylan Misafirhanesi\u2019ne yerle\u015ftirildi. Olay, Me\u015frutiyet Mahallesi 2077. Sokak\u2019ta meydana geldi. Hen\u00fcz belirlenemeyen bir nedenle \u00e7\u0131kan yang\u0131nda bir ev kullan\u0131lamaz hale geldi. Ya\u015fananlar\u0131n ard\u0131ndan h\u0131zla harekete ge\u00e7en Efeler Belediye&#8230;<\/p>\n","protected":false},"author":1,"featured_media":20670,"comment_status":"open","ping_status":"open","sticky":false,"template":"","format":"standard","meta":{"_crdt_document":"","footnotes":""},"categories":[1],"tags":[],"class_list":["post-20669","post","type-post","status-publish","format-standard","has-post-thumbnail","hentry","category-guncel"],"_links":{"self":[{"href":"https:\/\/www.egemtv.com\/index.php?rest_route=\/wp\/v2\/posts\/20669","targetHints":{"allow":["GET"]}}],"collection":[{"href":"https:\/\/www.egemtv.com\/index.php?rest_route=\/wp\/v2\/posts"}],"about":[{"href":"https:\/\/www.egemtv.com\/index.php?rest_route=\/wp\/v2\/types\/post"}],"author":[{"embeddable":true,"href":"https:\/\/www.egemtv.com\/index.php?rest_route=\/wp\/v2\/users\/1"}],"replies":[{"embeddable":true,"href":"https:\/\/www.egemtv.com\/index.php?rest_route=%2Fwp%2Fv2%2Fcomments&post=20669"}],"version-history":[{"count":1,"href":"https:\/\/www.egemtv.com\/index.php?rest_route=\/wp\/v2\/posts\/20669\/revisions"}],"predecessor-version":[{"id":20671,"href":"https:\/\/www.egemtv.com\/index.php?rest_route=\/wp\/v2\/posts\/20669\/revisions\/20671"}],"wp:featuredmedia":[{"embeddable":true,"href":"https:\/\/www.egemtv.com\/index.php?rest_route=\/wp\/v2\/media\/20670"}],"wp:attachment":[{"href":"https:\/\/www.egemtv.com\/index.php?rest_route=%2Fwp%2Fv2%2Fmedia&parent=20669"}],"wp:term":[{"taxonomy":"category","embeddable":true,"href":"https:\/\/www.egemtv.com\/index.php?rest_route=%2Fwp%2Fv2%2Fcategories&post=20669"},{"taxonomy":"post_tag","embeddable":true,"href":"https:\/\/www.egemtv.com\/index.php?rest_route=%2Fwp%2Fv2%2Ftags&post=20669"}],"curies":[{"name":"wp","href":"https:\/\/api.w.org\/{rel}","templated":true}]}}