{"id":20666,"date":"2025-02-19T21:05:03","date_gmt":"2025-02-19T18:05:03","guid":{"rendered":"https:\/\/www.egemtv.com\/?p=20666"},"modified":"2025-02-19T21:05:08","modified_gmt":"2025-02-19T18:05:08","slug":"kutahya-belediyesinden-taksi-duragi-aciklamasi","status":"publish","type":"post","link":"https:\/\/www.egemtv.com\/?p=20666","title":{"rendered":"K\u00fctahya Belediyesi\u2019nden \u2019taksi dura\u011f\u0131\u2019 a\u00e7\u0131klamas\u0131"},"content":{"rendered":"<p>K\u00fctahya Belediye Ba\u015fkan\u0131 Ey\u00fcp Kahveci, Alg\u00f6mlek Sokak\u2019ta taksi dura\u011f\u0131 kurulmas\u0131na y\u00f6nelik g\u00fcndeme gelen iddialara ili\u015fkin bir a\u00e7\u0131klama yapt\u0131.<br \/>\n<br \/>Ba\u015fkan Kahveci, Alipa\u015fa Mahallesi Uzun Sokak\u2019ta faaliyet g\u00f6steren Z\u00fcmr\u00fct Taksi Dura\u011f\u0131\u2019ndaki be\u015f taksi sahibinin, m\u00fc\u015fteri potansiyelinin d\u00fc\u015f\u00fck olmas\u0131 nedeniyle yeni bir \u00e7al\u0131\u015fma alan\u0131 talebinde bulundu\u011funu belirtti. Belediye Enc\u00fcmeni\u2019nin 2 Temmuz 2024 tarihli karar\u0131 do\u011frultusunda, Alg\u00f6mlek Sokak\u2019ta be\u015f taksinin \u00e7al\u0131\u015fmas\u0131na ve iki taksi park cebinin tahsis edilmesine onay verildi\u011fi ifade edildi.<br \/>\n<br \/>Kahveci, ilgili taksi i\u015fletmecilerinin 11 \u015eubat 2025 tarihinde C\u0130MER ve sosyal medya \u00fczerinden kendilerine taksi dura\u011f\u0131 verilmedi\u011fi y\u00f6n\u00fcnde \u015fikayetlerde bulundu\u011funu ifade etti. Belediye Enc\u00fcmeni\u2019nin konuyu 13 \u015eubat 2025\u2019te tekrar de\u011ferlendirdi\u011fini vurgulayan Kahveci, b\u00f6lgede uygun bir durak alan\u0131 bulunmad\u0131\u011f\u0131 gerek\u00e7esiyle \u00f6nceki karar\u0131n devam\u0131na karar verildi\u011fini belirtti.<br \/>\n<br \/>Ba\u015fkan Kahveci, esnaf\u0131n taleplerinin ba\u015f\u0131ndan itibaren dikkate al\u0131nd\u0131\u011f\u0131n\u0131, ancak belirtilen b\u00f6lgede durak yap\u0131lamayaca\u011f\u0131n\u0131n kendileri taraf\u0131ndan bilindi\u011fini ifade etti. Taksici esnaf\u0131n\u0131n dilerse ba\u011fl\u0131 bulunduklar\u0131 Z\u00fcmr\u00fct Taksi Dura\u011f\u0131\u2019na d\u00f6nerek faaliyetlerine devam edebilece\u011fini s\u00f6yledi.<br \/><\/p>\n","protected":false},"excerpt":{"rendered":"<p>K\u00fctahya Belediye Ba\u015fkan\u0131 Ey\u00fcp Kahveci, Alg\u00f6mlek Sokak\u2019ta taksi dura\u011f\u0131 kurulmas\u0131na y\u00f6nelik g\u00fcndeme gelen iddialara ili\u015fkin bir a\u00e7\u0131klama yapt\u0131. Ba\u015fkan Kahveci, Alipa\u015fa Mahallesi Uzun Sokak\u2019ta faaliyet g\u00f6steren Z\u00fcmr\u00fct Taksi Dura\u011f\u0131\u2019ndaki be\u015f taksi sahibinin, m\u00fc\u015fteri potansiyelinin d\u00fc\u015f\u00fck olmas\u0131 nedeniyle yeni bir \u00e7al\u0131\u015fma alan\u0131 talebinde bulundu\u011funu belirtti. Belediye Enc\u00fcmeni\u2019nin 2 Temmuz 2024 tarihli karar\u0131 do\u011frultusunda, Alg\u00f6mlek Sokak\u2019ta be\u015f&#8230;<\/p>\n","protected":false},"author":1,"featured_media":20667,"comment_status":"open","ping_status":"open","sticky":false,"template":"","format":"standard","meta":{"_crdt_document":"","footnotes":""},"categories":[123],"tags":[],"class_list":["post-20666","post","type-post","status-publish","format-standard","has-post-thumbnail","hentry","category-gundem"],"_links":{"self":[{"href":"https:\/\/www.egemtv.com\/index.php?rest_route=\/wp\/v2\/posts\/20666","targetHints":{"allow":["GET"]}}],"collection":[{"href":"https:\/\/www.egemtv.com\/index.php?rest_route=\/wp\/v2\/posts"}],"about":[{"href":"https:\/\/www.egemtv.com\/index.php?rest_route=\/wp\/v2\/types\/post"}],"author":[{"embeddable":true,"href":"https:\/\/www.egemtv.com\/index.php?rest_route=\/wp\/v2\/users\/1"}],"replies":[{"embeddable":true,"href":"https:\/\/www.egemtv.com\/index.php?rest_route=%2Fwp%2Fv2%2Fcomments&post=20666"}],"version-history":[{"count":1,"href":"https:\/\/www.egemtv.com\/index.php?rest_route=\/wp\/v2\/posts\/20666\/revisions"}],"predecessor-version":[{"id":20668,"href":"https:\/\/www.egemtv.com\/index.php?rest_route=\/wp\/v2\/posts\/20666\/revisions\/20668"}],"wp:featuredmedia":[{"embeddable":true,"href":"https:\/\/www.egemtv.com\/index.php?rest_route=\/wp\/v2\/media\/20667"}],"wp:attachment":[{"href":"https:\/\/www.egemtv.com\/index.php?rest_route=%2Fwp%2Fv2%2Fmedia&parent=20666"}],"wp:term":[{"taxonomy":"category","embeddable":true,"href":"https:\/\/www.egemtv.com\/index.php?rest_route=%2Fwp%2Fv2%2Fcategories&post=20666"},{"taxonomy":"post_tag","embeddable":true,"href":"https:\/\/www.egemtv.com\/index.php?rest_route=%2Fwp%2Fv2%2Ftags&post=20666"}],"curies":[{"name":"wp","href":"https:\/\/api.w.org\/{rel}","templated":true}]}}