{"id":20663,"date":"2025-02-19T19:56:00","date_gmt":"2025-02-19T16:56:00","guid":{"rendered":"https:\/\/www.egemtv.com\/?p=20663"},"modified":"2025-02-19T19:56:05","modified_gmt":"2025-02-19T16:56:05","slug":"iyi-partiden-istifa-eden-yenikent-belediye-baskani-ozturk-ak-partiye-katildi","status":"publish","type":"post","link":"https:\/\/www.egemtv.com\/?p=20663","title":{"rendered":"\u0130Y\u0130 Parti\u2019den istifa eden Yenikent Belediye Ba\u015fkan\u0131 \u00d6zt\u00fcrk, AK Parti\u2019ye kat\u0131ld\u0131"},"content":{"rendered":"<p>4 \u015eubat 2025 tarihinde \u0130Y\u0130 Parti\u2019den istifa ederek g\u00f6revine ba\u011f\u0131ms\u0131z olarak devam eden K\u00fctahya\u2019n\u0131n Gediz il\u00e7esi Yenikent Beldesi Belediye Ba\u015fkan\u0131 Cumali \u00d6zt\u00fcrk, AK Parti\u2019ye kat\u0131ld\u0131.<br \/>\n<br \/>31 Mart Yerel Se\u00e7imlerinde \u0130Y\u0130 Parti\u2019den Yenikent Belediye Ba\u015fkan\u0131 se\u00e7ilen Cumali \u00d6zt\u00fcrk, Belediye Meclis \u00fcyeleri Muzaffer Akda\u011f, Ercan Y\u00fcksel, S\u00fcleyman Kahraman ve \u00d6zkan \u00d6zden ile birlikte \u0130Y\u0130 Parti\u2019den istifa etmi\u015fti.<br \/>\n<br \/>Cumhurba\u015fkan\u0131 Recep Tayyip Erdo\u011fan, partisinin TBMM grup toplant\u0131s\u0131na kat\u0131lan ve AK Parti\u2019ye ge\u00e7en K\u00fctahya\u2019n\u0131n Gediz il\u00e7esi Yenikent Beldesi Belediye Ba\u015fkan\u0131 Cumali \u00d6zt\u00fcrk\u2019e rozet takt\u0131.<br \/>\n<br \/>Cumhurba\u015fkan\u0131 Erdo\u011fan, Cumali \u00d6zt\u00fcrk, AK Parti K\u00fctahya \u0130l Ba\u015fkan\u0131 Ceyda \u00c7etin Erenler, AK Parti K\u00fctahya milletvekilleri Adil Bi\u00e7er, \u0130smail \u00c7a\u011flar Bay\u0131rc\u0131 ve Mehmet Demir ile AK Parti Gediz \u0130l\u00e7e Ba\u015fkan\u0131 Osman Y\u0131lmaz birlikte objektiflere poz verdi.<br \/><\/p>\n","protected":false},"excerpt":{"rendered":"<p>4 \u015eubat 2025 tarihinde \u0130Y\u0130 Parti\u2019den istifa ederek g\u00f6revine ba\u011f\u0131ms\u0131z olarak devam eden K\u00fctahya\u2019n\u0131n Gediz il\u00e7esi Yenikent Beldesi Belediye Ba\u015fkan\u0131 Cumali \u00d6zt\u00fcrk, AK Parti\u2019ye kat\u0131ld\u0131. 31 Mart Yerel Se\u00e7imlerinde \u0130Y\u0130 Parti\u2019den Yenikent Belediye Ba\u015fkan\u0131 se\u00e7ilen Cumali \u00d6zt\u00fcrk, Belediye Meclis \u00fcyeleri Muzaffer Akda\u011f, Ercan Y\u00fcksel, S\u00fcleyman Kahraman ve \u00d6zkan \u00d6zden ile birlikte \u0130Y\u0130 Parti\u2019den istifa etmi\u015fti&#8230;.<\/p>\n","protected":false},"author":1,"featured_media":20664,"comment_status":"open","ping_status":"open","sticky":false,"template":"","format":"standard","meta":{"_crdt_document":"","footnotes":""},"categories":[127],"tags":[],"class_list":["post-20663","post","type-post","status-publish","format-standard","has-post-thumbnail","hentry","category-siyaset"],"_links":{"self":[{"href":"https:\/\/www.egemtv.com\/index.php?rest_route=\/wp\/v2\/posts\/20663","targetHints":{"allow":["GET"]}}],"collection":[{"href":"https:\/\/www.egemtv.com\/index.php?rest_route=\/wp\/v2\/posts"}],"about":[{"href":"https:\/\/www.egemtv.com\/index.php?rest_route=\/wp\/v2\/types\/post"}],"author":[{"embeddable":true,"href":"https:\/\/www.egemtv.com\/index.php?rest_route=\/wp\/v2\/users\/1"}],"replies":[{"embeddable":true,"href":"https:\/\/www.egemtv.com\/index.php?rest_route=%2Fwp%2Fv2%2Fcomments&post=20663"}],"version-history":[{"count":1,"href":"https:\/\/www.egemtv.com\/index.php?rest_route=\/wp\/v2\/posts\/20663\/revisions"}],"predecessor-version":[{"id":20665,"href":"https:\/\/www.egemtv.com\/index.php?rest_route=\/wp\/v2\/posts\/20663\/revisions\/20665"}],"wp:featuredmedia":[{"embeddable":true,"href":"https:\/\/www.egemtv.com\/index.php?rest_route=\/wp\/v2\/media\/20664"}],"wp:attachment":[{"href":"https:\/\/www.egemtv.com\/index.php?rest_route=%2Fwp%2Fv2%2Fmedia&parent=20663"}],"wp:term":[{"taxonomy":"category","embeddable":true,"href":"https:\/\/www.egemtv.com\/index.php?rest_route=%2Fwp%2Fv2%2Fcategories&post=20663"},{"taxonomy":"post_tag","embeddable":true,"href":"https:\/\/www.egemtv.com\/index.php?rest_route=%2Fwp%2Fv2%2Ftags&post=20663"}],"curies":[{"name":"wp","href":"https:\/\/api.w.org\/{rel}","templated":true}]}}