{"id":20660,"date":"2025-02-19T19:39:36","date_gmt":"2025-02-19T16:39:36","guid":{"rendered":"https:\/\/www.egemtv.com\/?p=20660"},"modified":"2025-02-19T19:39:41","modified_gmt":"2025-02-19T16:39:41","slug":"mhpli-ahmet-erbastan-tbmmde-kutahya-ve-zafer-osb-vurgusu","status":"publish","type":"post","link":"https:\/\/www.egemtv.com\/?p=20660","title":{"rendered":"MHP\u2019li Ahmet Erba\u015f\u2019tan TBMM\u2019de K\u00fctahya ve Zafer OSB vurgusu"},"content":{"rendered":"<p>MHP K\u00fctahya Milletvekili Ahmet Erba\u015f, T\u00fcrkiye B\u00fcy\u00fck Millet Meclisi\u2019nde yapt\u0131\u011f\u0131 konu\u015fmada, K\u00fctahya\u2019n\u0131n Alt\u0131nta\u015f il\u00e7esi ve burada bulunan Zafer Organize Sanayi B\u00f6lgesi (OSB) \u00fczerine \u00f6nemli a\u00e7\u0131klamalarda bulundu. B\u00f6lgenin sanayi ve teknoloji yat\u0131r\u0131mlar\u0131 a\u00e7\u0131s\u0131ndan b\u00fcy\u00fck bir potansiyele sahip oldu\u011funu vurgulayan Erba\u015f, altyap\u0131 \u00e7al\u0131\u015fmalar\u0131n\u0131n tamamland\u0131\u011f\u0131n\u0131 ve 42 parselin tahsis edildi\u011fini belirtti.<\/p>\n<p>&#8220;Zafer OSB, T\u00fcrkiye\u2019nin yeni sanayi \u00fcss\u00fc olabilir&#8221;<br \/>\n<br \/>2017 y\u0131l\u0131nda Sanayi ve Teknoloji Bakanl\u0131\u011f\u0131 taraf\u0131ndan kurulan Zafer OSB\u2019nin, sanayi yat\u0131r\u0131mlar\u0131 i\u00e7in \u00f6nemli bir merkez haline gelmeye ba\u015flad\u0131\u011f\u0131n\u0131 ifade eden Erba\u015f, &#8220;B\u00f6lgede \u015fu anda 100 parsel bulunuyor, bunlar\u0131n 42\u2019si tahsis edilmi\u015f durumda. Alt\u0131 parselde yap\u0131lan in\u015faatlar\u0131n bu y\u0131l tamamlanmas\u0131 planlan\u0131yor. Hedefimiz, yakla\u015f\u0131k 20 bin ki\u015fiye istihdam sa\u011flamak&#8221; dedi.<br \/>\n<br \/>Erba\u015f, \u00f6n\u00fcm\u00fczdeki aydan itibaren Zafer OSB\u2019ye do\u011falgaz gelece\u011fini, ancak Alt\u0131nta\u015f il\u00e7e merkezinde h\u00e2l\u00e2 do\u011falgaz\u0131n bulunmad\u0131\u011f\u0131n\u0131 hat\u0131rlatarak, bunun bir an \u00f6nce sa\u011flanmas\u0131 gerekti\u011fini s\u00f6yledi. Ayr\u0131ca, b\u00f6lgenin havaliman\u0131na ve ana ge\u00e7i\u015f yollar\u0131na yak\u0131nl\u0131\u011f\u0131 nedeniyle \u00f6nemli bir lojistik avantaja sahip oldu\u011funu belirtti.<\/p>\n<p>&#8220;Savunma sanayi i\u00e7in \u00f6nemli bir f\u0131rsat&#8221;<br \/>\n<br \/>Konu\u015fmas\u0131nda savunma sanayi yat\u0131r\u0131mlar\u0131n\u0131n Zafer OSB\u2019ye y\u00f6nlendirilmesi gerekti\u011fine de de\u011finen Erba\u015f, bu b\u00f6lgenin stratejik sekt\u00f6rler i\u00e7in b\u00fcy\u00fck bir f\u0131rsat sundu\u011funu s\u00f6yledi. Erba\u015f, &#8220;Savunma sanayi fabrikalar\u0131n\u0131n bu b\u00f6lgeye \u00e7ekilmesi, T\u00fcrkiye\u2019nin ba\u011f\u0131ms\u0131z ve g\u00fc\u00e7l\u00fc sanayi altyap\u0131s\u0131na b\u00fcy\u00fck katk\u0131 sa\u011flayacakt\u0131r&#8221; dedi.<br \/>\n<br \/>Ancak bu b\u00fcy\u00fcmenin s\u00fcrd\u00fcr\u00fclebilir olmas\u0131 i\u00e7in \u00e7al\u0131\u015fanlar\u0131n bar\u0131nma ihtiyac\u0131n\u0131n g\u00f6z ard\u0131 edilmemesi gerekti\u011fini belirten Erba\u015f, TOK\u0130 taraf\u0131ndan Alt\u0131nta\u015f\u2019ta en az 1500-2000 konutluk bir proje hayata ge\u00e7irilmesi gerekti\u011fini ifade etti. \u0130lk etapta 500 konutluk bir projenin ba\u015flamas\u0131n\u0131n da \u00f6nemine dikkat \u00e7ekti.<br \/>\n<br \/>Milletvekili Erba\u015f, konu\u015fmas\u0131n\u0131n bir b\u00f6l\u00fcm\u00fcn\u00fc de siber su\u00e7larla m\u00fccadeleye ay\u0131rd\u0131. T\u00fcrkiye\u2019de her 100 vatanda\u015ftan birinin siber su\u00e7lar\u0131n ma\u011fduru oldu\u011funu belirten Erba\u015f, bu konuda daha g\u00fc\u00e7l\u00fc ad\u0131mlar at\u0131lmas\u0131 gerekti\u011fini vurgulad\u0131. Cumhurba\u015fkanl\u0131\u011f\u0131 kararnamesiyle kurulan Siber Su\u00e7larla M\u00fccadele Ba\u015fkanl\u0131\u011f\u0131\u2019n\u0131n \u00f6nemine dikkat \u00e7eken Erba\u015f, &#8220;Bu alanda teknik altyap\u0131y\u0131 g\u00fc\u00e7lendirmeli, bilin\u00e7lendirme \u00e7al\u0131\u015fmalar\u0131na h\u0131z vermeli ve cezalar\u0131 cayd\u0131r\u0131c\u0131 hale getirmeliyiz&#8221; dedi.<\/p>\n<p>&#8220;Ekonomik kalk\u0131nma, ba\u011f\u0131ms\u0131z T\u00fcrkiye\u2019nin belkemi\u011fidir&#8221;<br \/>\n<br \/>Erba\u015f, konu\u015fmas\u0131n\u0131 Ulu \u00d6nder Mustafa Kemal Atat\u00fcrk\u2019\u00fcn &#8220;Ekonomik kalk\u0131nma, T\u00fcrkiye\u2019nin \u00f6zg\u00fcr, ba\u011f\u0131ms\u0131z, daima daha kuvvetli, daima daha refah T\u00fcrkiye \u00fclk\u00fcs\u00fcn\u00fcn belkemi\u011fidir&#8221; s\u00f6z\u00fcn\u00fc hat\u0131rlatarak tamamlad\u0131.<br \/>\n<br \/>MHP\u2019li Erba\u015f, daha g\u00fc\u00e7l\u00fc bir ekonomi, daha g\u00fcvenli bir dijital d\u00fcnya ve daha ya\u015fanabilir bir T\u00fcrkiye i\u00e7in \u00e7al\u0131\u015fmaya devam edeceklerini belirtti.<br \/><\/p>\n","protected":false},"excerpt":{"rendered":"<p>MHP K\u00fctahya Milletvekili Ahmet Erba\u015f, T\u00fcrkiye B\u00fcy\u00fck Millet Meclisi\u2019nde yapt\u0131\u011f\u0131 konu\u015fmada, K\u00fctahya\u2019n\u0131n Alt\u0131nta\u015f il\u00e7esi ve burada bulunan Zafer Organize Sanayi B\u00f6lgesi (OSB) \u00fczerine \u00f6nemli a\u00e7\u0131klamalarda bulundu. B\u00f6lgenin sanayi ve teknoloji yat\u0131r\u0131mlar\u0131 a\u00e7\u0131s\u0131ndan b\u00fcy\u00fck bir potansiyele sahip oldu\u011funu vurgulayan Erba\u015f, altyap\u0131 \u00e7al\u0131\u015fmalar\u0131n\u0131n tamamland\u0131\u011f\u0131n\u0131 ve 42 parselin tahsis edildi\u011fini belirtti. &#8220;Zafer OSB, T\u00fcrkiye\u2019nin yeni sanayi \u00fcss\u00fc olabilir&#8221;&#8230;<\/p>\n","protected":false},"author":1,"featured_media":20661,"comment_status":"open","ping_status":"open","sticky":false,"template":"","format":"standard","meta":{"_crdt_document":"","footnotes":""},"categories":[127],"tags":[],"class_list":["post-20660","post","type-post","status-publish","format-standard","has-post-thumbnail","hentry","category-siyaset"],"_links":{"self":[{"href":"https:\/\/www.egemtv.com\/index.php?rest_route=\/wp\/v2\/posts\/20660","targetHints":{"allow":["GET"]}}],"collection":[{"href":"https:\/\/www.egemtv.com\/index.php?rest_route=\/wp\/v2\/posts"}],"about":[{"href":"https:\/\/www.egemtv.com\/index.php?rest_route=\/wp\/v2\/types\/post"}],"author":[{"embeddable":true,"href":"https:\/\/www.egemtv.com\/index.php?rest_route=\/wp\/v2\/users\/1"}],"replies":[{"embeddable":true,"href":"https:\/\/www.egemtv.com\/index.php?rest_route=%2Fwp%2Fv2%2Fcomments&post=20660"}],"version-history":[{"count":1,"href":"https:\/\/www.egemtv.com\/index.php?rest_route=\/wp\/v2\/posts\/20660\/revisions"}],"predecessor-version":[{"id":20662,"href":"https:\/\/www.egemtv.com\/index.php?rest_route=\/wp\/v2\/posts\/20660\/revisions\/20662"}],"wp:featuredmedia":[{"embeddable":true,"href":"https:\/\/www.egemtv.com\/index.php?rest_route=\/wp\/v2\/media\/20661"}],"wp:attachment":[{"href":"https:\/\/www.egemtv.com\/index.php?rest_route=%2Fwp%2Fv2%2Fmedia&parent=20660"}],"wp:term":[{"taxonomy":"category","embeddable":true,"href":"https:\/\/www.egemtv.com\/index.php?rest_route=%2Fwp%2Fv2%2Fcategories&post=20660"},{"taxonomy":"post_tag","embeddable":true,"href":"https:\/\/www.egemtv.com\/index.php?rest_route=%2Fwp%2Fv2%2Ftags&post=20660"}],"curies":[{"name":"wp","href":"https:\/\/api.w.org\/{rel}","templated":true}]}}