{"id":20657,"date":"2025-02-19T18:54:09","date_gmt":"2025-02-19T15:54:09","guid":{"rendered":"https:\/\/www.egemtv.com\/?p=20657"},"modified":"2025-02-19T18:54:14","modified_gmt":"2025-02-19T15:54:14","slug":"aliaga-esnaf-ve-sanatkarlar-kredi-ve-kefalet-kooperatifi-birlestirilmis-olagan-genel-kurul-toplantisi-yapildi","status":"publish","type":"post","link":"https:\/\/www.egemtv.com\/?p=20657","title":{"rendered":"Alia\u011fa Esnaf ve Sanatkarlar Kredi ve Kefalet Kooperatifi birle\u015ftirilmi\u015f ola\u011fan genel kurul toplant\u0131s\u0131 yap\u0131ld\u0131"},"content":{"rendered":"<p>Alia\u011fa Esnaf ve Sanatkarlar Kredi ve Kefalet Kooperatifi 2023-2024 y\u0131llar\u0131 birle\u015ftirilmi\u015f ola\u011fan genel kurul toplant\u0131s\u0131 ger\u00e7ekle\u015ftirildi. Ba\u015fkan Salih Yiyitalp ve y\u00f6netimi yap\u0131lan a\u00e7\u0131k oylama ile ibra edilerek g\u00fcven tazeledi.<br \/>\n<br \/>Alia\u011fa Belediyesi d\u00fc\u011f\u00fcn salonunda ger\u00e7ekle\u015ftirilen genel kurula da yeterli \u00e7o\u011funlu\u011fun sa\u011flanmas\u0131n\u0131n ard\u0131ndan divan heyeti olu\u015fturuldu. Genel kurul divan ba\u015fkanl\u0131\u011f\u0131n\u0131 Sabahattin \u0130spir\u2019in yapt\u0131\u011f\u0131 toplant\u0131 \u0130stiklal Mar\u015f\u0131 okunup, sayg\u0131 duru\u015funda bulunulmas\u0131yla ba\u015flad\u0131. Genel kurulda 2023-2024 y\u0131llar\u0131na ait y\u00f6netim kurulu y\u0131ll\u0131k \u00e7al\u0131\u015fma raporlar\u0131 ve denetim kurulu raporlar\u0131 ile 2023-2024 y\u0131llar\u0131na ait bilan\u00e7o ve gelir-gider tablolar\u0131 okunup, onayland\u0131. Ard\u0131ndan denetim ve y\u00f6netim kurulu raporlar\u0131 okunarak kabul edildi. Ayr\u0131ca 2025 ve 2026 y\u0131llar\u0131 ola\u011fan genel kurullar\u0131n\u0131n birle\u015ftirilerek 2027 y\u0131l\u0131nda yap\u0131lmas\u0131 maddesi g\u00f6r\u00fc\u015f\u00fcl\u00fcp kabul edildi. Daha sonra genel kurulda yap\u0131lan a\u00e7\u0131k oylama ile mevcut Ba\u015fkan Salih Yiyitalp ve y\u00f6netimi ibra edilerek iki sene daha ba\u015fkanl\u0131k g\u00f6revine devam edecek.<\/p>\n<p>Ba\u015fkan H\u00fcn\u00fc: &#8220;Umutlar\u0131n bitti\u011fi yerde kooperatifler ortaya \u00e7\u0131k\u0131yor&#8221;<br \/>\n<br \/>Genel kurulda konu\u015fma yapan 16. B\u00f6lge Esnaf ve Sanatkarlar Kredi ve Kefalet Kooperatifleri (ESKKK) Birli\u011fi Ba\u015fkan\u0131 Erdem H\u00fcn\u00fc, ekonomik zorluklar ve kooperatiflerin bu s\u00fcre\u00e7teki rol\u00fcne dair a\u00e7\u0131klamalarda bulundu. Konu\u015fmas\u0131nda, \u00fclke genelinde ya\u015fanan ekonomik kriz ve enflasyonun etkilerine de\u011finen H\u00fcn\u00fc, &#8220;\u00dclkemizde bir ekonomik kriz var m\u0131? Var. Bir enflasyon darbesi var m\u0131? Var. \u0130\u015flerimizde bir durgunluk var m\u0131? Var. Biraz daha sabretmemiz gerekiyor. Umutlar\u0131n bitti\u011fi yerde kooperatifler ortaya \u00e7\u0131k\u0131yor&#8221; \u015feklinde ifade etti.<\/p>\n<p>&#8220;Bizler d\u00fcnyan\u0131n en zor i\u015fini yap\u0131yoruz&#8221;<br \/>\n<br \/>Kooperatiflerin, zorluklar i\u00e7inde olan esnaf ve sanatkarlar i\u00e7in b\u00fcy\u00fck bir umut kayna\u011f\u0131 oldu\u011funa vurgu yapan H\u00fcn\u00fc, T\u00fcrkiye genelinde 242 milyar, \u0130zmir\u2019de 19 milyar ve Alia\u011fa\u2019da 500 milyara yak\u0131n bir kayna\u011f\u0131n da\u011f\u0131t\u0131ld\u0131\u011f\u0131n\u0131 belirtti. H\u00fcn\u00fc, &#8220;Bu kadar insana bu kadar paray\u0131 da\u011f\u0131tmak ve toparlamak \u00e7ok zor. Bizler d\u00fcnyan\u0131n en zor i\u015fini yap\u0131yoruz; e\u015fimize, dostumuza, arkada\u015flar\u0131m\u0131za para veriyoruz ve k\u0131rmadan, d\u00f6kmeden de paray\u0131 tahsil etmeye \u00e7al\u0131\u015f\u0131yoruz&#8221; diyerek kooperatif ba\u015fkanlar\u0131na olan deste\u011fi i\u00e7in te\u015fekk\u00fcr etti. Ayr\u0131ca, Merkez Bankas\u0131\u2019n\u0131n faiz indirim kararlar\u0131yla ilgili olarak, faiz oranlar\u0131n\u0131n bu ay sonu itibariyle 25\u2019e d\u00fc\u015fece\u011fini ve kooperatiflerin limitlerinin 750 milyon liradan, \u00f6n\u00fcm\u00fczdeki birka\u00e7 ay i\u00e7inde bir milyon liraya \u00e7\u0131kaca\u011f\u0131n\u0131 s\u00f6yledi. Kooperatif \u00fcyelerine \u00f6deme kolayl\u0131klar\u0131 sa\u011flamak ad\u0131na \u00f6nerilerde bulunan H\u00fcn\u00fc, \u00f6deme zorlu\u011fu \u00e7ekenlerin kooperatife ba\u015fvurmas\u0131 gerekti\u011fini belirterek, &#8220;58\u2019de \u00f6deyecekleri faizleri 29\u2019da, bug\u00fcn itibar\u0131yla 3-5 g\u00fcn i\u00e7inde 25\u2019e d\u00fc\u015f\u00fcrs\u00fcnler. Buradan da rica ediyorum; hem kooperatifin \u00f6n\u00fcn\u00fc a\u00e7al\u0131m, hem de siz daha fazla faiz \u00f6demeyin&#8221; \u00e7a\u011fr\u0131s\u0131nda bulundu.<\/p>\n<p>Ba\u015fkan Yiyitalp: &#8220;Esnaf\u0131m\u0131z\u0131n yan\u0131nda olmaya devam edece\u011fiz&#8221;<br \/>\n<br \/>Genel kurul sonunda bir te\u015fekk\u00fcr konu\u015fmas\u0131 yapan S.S Alia\u011fa Esnaf ve Sanatkarlar Kredi ve Kefalet Kooperatifi Ba\u015fkan\u0131 Salih Yiyitalp, &#8220;Bug\u00fcne kadar bana ve y\u00f6netimimize g\u00f6sterdi\u011finiz deste\u011fe \u00e7ok te\u015fekk\u00fcr ediyorum. Bundan sonra da birlikte daha g\u00fczel \u00e7al\u0131\u015fmalar yaparak esnaf\u0131m\u0131z\u0131n iyi g\u00fcn\u00fcnde de, k\u00f6t\u00fc g\u00fcn\u00fcnde de yan\u0131nda olmaya devam edece\u011fiz&#8221; dedi.<br \/>\n<br \/>Toplant\u0131ya; 16. B\u00f6lge Esnaf ve Sanatkarlar Kredi ve Kefalet Kooperatifleri (ESKKK) Birli\u011fi Ba\u015fkan\u0131 Erdem H\u00fcn\u00fc, \u0130zmir Esnaf ve Sanatkarlar Odalar\u0131 Birlik Ba\u015fkan\u0131 Yal\u00e7\u0131n Ata, siyasi parti temsilcileri, davetliler ve \u00fcyeler kat\u0131ld\u0131.<br \/><\/p>\n","protected":false},"excerpt":{"rendered":"<p>Alia\u011fa Esnaf ve Sanatkarlar Kredi ve Kefalet Kooperatifi 2023-2024 y\u0131llar\u0131 birle\u015ftirilmi\u015f ola\u011fan genel kurul toplant\u0131s\u0131 ger\u00e7ekle\u015ftirildi. Ba\u015fkan Salih Yiyitalp ve y\u00f6netimi yap\u0131lan a\u00e7\u0131k oylama ile ibra edilerek g\u00fcven tazeledi. Alia\u011fa Belediyesi d\u00fc\u011f\u00fcn salonunda ger\u00e7ekle\u015ftirilen genel kurula da yeterli \u00e7o\u011funlu\u011fun sa\u011flanmas\u0131n\u0131n ard\u0131ndan divan heyeti olu\u015fturuldu. Genel kurul divan ba\u015fkanl\u0131\u011f\u0131n\u0131 Sabahattin \u0130spir\u2019in yapt\u0131\u011f\u0131 toplant\u0131 \u0130stiklal Mar\u015f\u0131 okunup,&#8230;<\/p>\n","protected":false},"author":1,"featured_media":20658,"comment_status":"open","ping_status":"open","sticky":false,"template":"","format":"standard","meta":{"_crdt_document":"","footnotes":""},"categories":[125],"tags":[],"class_list":["post-20657","post","type-post","status-publish","format-standard","has-post-thumbnail","hentry","category-ekonomi"],"_links":{"self":[{"href":"https:\/\/www.egemtv.com\/index.php?rest_route=\/wp\/v2\/posts\/20657","targetHints":{"allow":["GET"]}}],"collection":[{"href":"https:\/\/www.egemtv.com\/index.php?rest_route=\/wp\/v2\/posts"}],"about":[{"href":"https:\/\/www.egemtv.com\/index.php?rest_route=\/wp\/v2\/types\/post"}],"author":[{"embeddable":true,"href":"https:\/\/www.egemtv.com\/index.php?rest_route=\/wp\/v2\/users\/1"}],"replies":[{"embeddable":true,"href":"https:\/\/www.egemtv.com\/index.php?rest_route=%2Fwp%2Fv2%2Fcomments&post=20657"}],"version-history":[{"count":1,"href":"https:\/\/www.egemtv.com\/index.php?rest_route=\/wp\/v2\/posts\/20657\/revisions"}],"predecessor-version":[{"id":20659,"href":"https:\/\/www.egemtv.com\/index.php?rest_route=\/wp\/v2\/posts\/20657\/revisions\/20659"}],"wp:featuredmedia":[{"embeddable":true,"href":"https:\/\/www.egemtv.com\/index.php?rest_route=\/wp\/v2\/media\/20658"}],"wp:attachment":[{"href":"https:\/\/www.egemtv.com\/index.php?rest_route=%2Fwp%2Fv2%2Fmedia&parent=20657"}],"wp:term":[{"taxonomy":"category","embeddable":true,"href":"https:\/\/www.egemtv.com\/index.php?rest_route=%2Fwp%2Fv2%2Fcategories&post=20657"},{"taxonomy":"post_tag","embeddable":true,"href":"https:\/\/www.egemtv.com\/index.php?rest_route=%2Fwp%2Fv2%2Ftags&post=20657"}],"curies":[{"name":"wp","href":"https:\/\/api.w.org\/{rel}","templated":true}]}}