{"id":20654,"date":"2025-02-19T18:45:49","date_gmt":"2025-02-19T15:45:49","guid":{"rendered":"https:\/\/www.egemtv.com\/?p=20654"},"modified":"2025-02-19T18:45:58","modified_gmt":"2025-02-19T15:45:58","slug":"basibos-kopekler-cocuguna-bez-almaya-giden-vatandasa-saldirdi","status":"publish","type":"post","link":"https:\/\/www.egemtv.com\/?p=20654","title":{"rendered":"Ba\u015f\u0131bo\u015f k\u00f6pekler, \u00e7ocu\u011funa bez almaya giden vatanda\u015fa sald\u0131rd\u0131"},"content":{"rendered":"<p>\u0130zmir\u2019de \u00e7ocu\u011funa bebek bezi almaya giden Ey\u00fcp Unutur\u2019a \u00f6nce ba\u015f\u0131bo\u015f k\u00f6pekler sald\u0131rd\u0131, sonra da bu hayvanlar\u0131 sahiplenen ki\u015filer 25 ya\u015f\u0131ndaki vatanda\u015f\u0131 kalas ve b\u0131\u00e7akla feci \u015fekilde darbetti.<br \/>\n<br \/>\u0130zmir\u2019in Buca il\u00e7esi Mustafa Kemal Mahallesi\u2019nde ya\u015fayan T\u00fcrkiye Gen\u00e7lik Vakf\u0131 (T\u00dcGVA) Buca \u0130l\u00e7e Temsilcisi Ey\u00fcp Unutur, ak\u015fam saatlerinde k\u00fc\u00e7\u00fck \u00e7ocu\u011funun bezinin bitmesi \u00fczerine markete gitmek i\u00e7in d\u0131\u015far\u0131ya \u00e7\u0131kt\u0131. Bu s\u0131rada bir tekel bayinin \u00f6n\u00fcnden ge\u00e7erken Unutur, k\u00f6peklerin sald\u0131r\u0131s\u0131na u\u011frad\u0131. Kendisini korumaya \u00e7al\u0131\u015fan 25 ya\u015f\u0131ndaki vatanda\u015f, ka\u00e7arak tekel bayiye s\u0131\u011f\u0131nmaya \u00e7al\u0131\u015ft\u0131. Tekel bayide bulunan ki\u015filer i\u00e7eri girmeye \u00e7al\u0131\u015fan Unutur\u2019a tehditler savurarak ve sald\u0131rarak oradan uzakla\u015fmas\u0131n\u0131 istedi. Daha sonra Unutur, a\u011fabeyi ve eni\u015ftesiyle olay\u0131n ya\u015fand\u0131\u011f\u0131 yere gelip neden b\u00f6yle davran\u0131ld\u0131\u011f\u0131n\u0131 \u00f6\u011frenmeye \u00e7al\u0131\u015f\u0131rken, tekel bayi ve \u00e7evresinde bir anda kalabal\u0131k olu\u015fmas\u0131yla yakla\u015f\u0131k 20 ki\u015finin b\u0131\u00e7akl\u0131 ve kalasl\u0131 sald\u0131r\u0131s\u0131na u\u011frad\u0131. Yaralanan Unutur ve ailesi \u00f6nce hastaneye daha sonra da su\u00e7 duyurusunda bulunmak i\u00e7in karakola gitti. Ya\u015fanan bu olay sonras\u0131nda sald\u0131r\u0131da bulunan iki ki\u015fi g\u00f6zalt\u0131na al\u0131n\u0131p, tutukland\u0131.<br \/>\n<br \/>\u00d6te yandan, olay an\u0131 g\u00fcvenlik kameralar\u0131na yans\u0131d\u0131.<\/p>\n<p>&#8220;\u00c7ocu\u011fuma bez almak i\u00e7in markete gidiyordum&#8221;<br \/>\n<br \/>\u00c7ocu\u011funa bez almak i\u00e7in giderken k\u00f6pek sald\u0131r\u0131s\u0131na u\u011frad\u0131\u011f\u0131n\u0131 anlatan T\u00fcrkiye Gen\u00e7lik Vakf\u0131 (T\u00dcGVA) Buca \u0130l\u00e7e Temsilcisi Ey\u00fcp Unutur, &#8220;K\u00f6pekler bana sald\u0131rd\u0131 ben de k\u00f6pek sald\u0131r\u0131s\u0131na kar\u015f\u0131 kendimi korumaya \u00e7al\u0131\u015f\u0131rken s\u0131\u011f\u0131nabilece\u011fim en yak\u0131n yer olan tekel bayiye s\u0131\u011f\u0131nmaya \u00e7al\u0131\u015ft\u0131m. Kap\u0131s\u0131n\u0131 a\u00e7maya \u00e7al\u0131\u015f\u0131yordum ama otomatik sens\u00f6r beni g\u00f6rmedi\u011fi i\u00e7in kap\u0131 a\u00e7\u0131lmad\u0131. Kap\u0131y\u0131 \u00e7al\u0131yorum beni i\u00e7eri als\u0131nlar, kurtars\u0131nlar diye. Onlardan bir \u015fefkat beklerken \u2019karde\u015fim iyi misin, bir \u015feyin yok de\u011fil mi\u2019 demelerini beklerken tam tersi bir tepkiyle kar\u015f\u0131la\u015ft\u0131m. Direkt hayvan\u0131n sald\u0131r\u0131s\u0131na duyars\u0131n\u0131z kalmad\u0131\u011f\u0131m i\u00e7in koruma refleksi g\u00f6sterdi\u011fim i\u00e7in bana hakaret ve sald\u0131r\u0131larda bulundular.  Sonras\u0131nda bir hay\u0131rsever adam arabas\u0131n\u0131n kap\u0131s\u0131n\u0131 a\u00e7arak beni arabas\u0131na al\u0131p emniyete g\u00f6t\u00fcrd\u00fc. Emniyete durumu izah ettim. Emniyet ise darp raporu almam gerekti\u011fini s\u00f6yledi. Sonra abime ula\u015ft\u0131m. Abim de diyor ki hem gidelim olay\u0131n bir asl\u0131 astar\u0131n\u0131 \u00f6\u011frenelim hem de 10 ki\u015fi neden sana sald\u0131rm\u0131\u015f bir \u00f6\u011frenelim ve olay yerinde d\u00fc\u015f\u00fcrd\u00fc\u011f\u00fcm telefonu da almak i\u00e7in de oraya gittik&#8221; \u015feklinde konu\u015ftu.<\/p>\n<p>&#8220;Bize sald\u0131rd\u0131lar&#8221;<br \/>\n<br \/>Kendisi, eni\u015ftesi ve a\u011fabeyinin olay\u0131 anlamak i\u00e7in tekel bayiye gittiklerini s\u00f6yleyen Unutur, &#8220;Tekel bayiden i\u00e7eri girer girmez markette olan kad\u0131n g\u00f6z ya\u015fart\u0131c\u0131 spreyi s\u0131k\u0131p darbetmeye ba\u015flad\u0131. Arkas\u0131ndan nereden geldiklerini bilmedi\u011fimiz 20 ki\u015fi topland\u0131 ve b\u0131\u00e7ak sald\u0131r\u0131lar\u0131na ba\u015flad\u0131, s\u0131rt\u0131m\u0131 b\u0131\u00e7ak s\u0131y\u0131rd\u0131 o esnada abim b\u0131\u00e7akland\u0131. Eni\u015ftemin g\u00f6\u011fs\u00fcnden, b\u00f6bre\u011finden, baca\u011f\u0131ndan ve s\u0131rt\u0131ndan b\u0131\u00e7aklad\u0131lar. Yakla\u015f\u0131k 4 santimetre derinli\u011finde b\u0131\u00e7ak yaralanmalar\u0131 var. Benim baca\u011f\u0131mda 9 santimetrelik bir b\u0131\u00e7ak yaras\u0131 oldu ve bayg\u0131nl\u0131k ge\u00e7irdim. Bayg\u0131nl\u0131k ge\u00e7irmeme ra\u011fmen 15-18 ki\u015fi beni kalaslarla darp etti. Bayg\u0131n birisini d\u00f6v\u00fcyorlar. Yani bir kavga yok, bir sald\u0131r\u0131 var. \u2019Evim burada, \u00e7ocu\u011fuma bez almaya gidiyordum\u2019 demeye kalmadan beni darbetmeye ba\u015flad\u0131lar. \u2019Sen nas\u0131l bir k\u00f6pe\u011fe vurursun, sen nas\u0131l kad\u0131na cevap verirsin\u2019 ibarelerini kullanarak beni d\u00f6v\u00fcyorlard\u0131. Bay\u0131ltana kadar d\u00f6vd\u00fcler. Hastanelik olduk&#8221; diye konu\u015ftu.<\/p>\n<p>&#8220;\u015eikayet\u00e7i oldum&#8221;<br \/>\n<br \/>\u015eikayet\u00e7i olduklar\u0131n\u0131 ifade eden Unutur, &#8220;Hala k\u00f6pekler \u015fu an orada. Ama benden \u00f6nce \u015fikayet\u00e7i olanlar da var. Burada daha \u00f6nce de adli vakalar ger\u00e7ekle\u015fmi\u015f. Mahalle tekelden ve k\u00f6peklerden huzursuz. Ben \u015fu an arkamda bir yetim b\u0131rakm\u0131\u015f da olabilirdim. Yani vefat etmi\u015f \u00f6lm\u00fc\u015f de olabilirdim. Kald\u0131 ki omurgam\u0131 b\u0131\u00e7ak s\u0131y\u0131r\u0131yor, saplanm\u0131yor. Saplansayd\u0131 net \u00f6l\u00fcrd\u00fcm. G\u00f6r\u00fcnt\u00fclerde gayet a\u00e7\u0131k. Kasten adam \u00f6ld\u00fcrme s\u00f6z konusu. Ba\u015fka insanlar \u00f6lmesin, ba\u015fka ki\u015filer benim duruma d\u00fc\u015fmesin diye biz her t\u00fcrl\u00fc m\u00fccadelemizi devam ettirece\u011fiz&#8221; dedi.<\/p>\n<p>Avukat Leyyanur Adsoy: &#8220;\u0130ki ki\u015fi tutukland\u0131&#8221;<br \/>\n<br \/>M\u00fcvekkilinin markete giderken sald\u0131r\u0131ya u\u011frad\u0131\u011f\u0131n\u0131 s\u00f6yleyen Avukat Leyyanur Adsoy, &#8220;Kendisine en yak\u0131n ve g\u00fcvenli g\u00f6rd\u00fc\u011f\u00fc yere, tekel bayisinin i\u00e7ine giriyor. Orada da \u015fiddete maruz kal\u0131yor. M\u00fcvekkilim yakla\u015f\u0131k 20 ki\u015fi taraf\u0131ndan kendisi, akabinde abisi ve eni\u015ftesi b\u0131\u00e7akl\u0131 sald\u0131r\u0131ya maruz kal\u0131yor. Konunun sokak hayvanlar\u0131n\u0131n d\u0131\u015f\u0131na \u00e7\u0131kmas\u0131, m\u00fcvekkilimin kalasla ve b\u0131\u00e7akla darp edilirken \u2019k\u00f6pe\u011fe mi vurdun sen, k\u00f6pe\u011fe mi ho\u015ft dedin sen\u2019 \u015feklinde olmas\u0131 \u00e7ok can yak\u0131c\u0131. Oradaki konu asl\u0131nda m\u00fcvekkilimin kendi hayat\u0131 ve ya\u015fam hakk\u0131. Biz bu muhite \u00f6zellikle belediyenin bir an evvel el atmas\u0131n\u0131, ba\u015f\u0131bo\u015f sokak hayvanlar\u0131n\u0131n toplat\u0131lmas\u0131n\u0131 talep ediyoruz. \u00c7\u00fcnk\u00fc benim m\u00fcvekkilim ilk de\u011fil. Ayn\u0131 zamanda son da olmayacak gibi g\u00f6r\u00fcn\u00fcyor. Defalarca \u015fikayetler yap\u0131lm\u0131\u015f, toplanmas\u0131na ili\u015fkin talepler de bulunulmu\u015f. Ancak gelinen noktada m\u00fcvekkilim ve ailesi can\u0131ndan oluyordu. Biz bu noktada gerekli olan i\u015flemlerin yap\u0131lmas\u0131n\u0131 talep ediyoruz ve zaten dava a\u00e7\u0131s\u0131ndan da takibindeyiz. S\u00fcre\u00e7le ilgili iki ki\u015fi tutukland\u0131. Yaln\u0131z olay\u0131n k\u0131\u015fk\u0131rt\u0131c\u0131s\u0131 olan, tekel bayisinin i\u00e7erisinde bulunan kad\u0131n g\u00f6zalt\u0131na al\u0131nd\u0131ktan sonra serbest b\u0131rak\u0131ld\u0131. Ard\u0131ndan yapm\u0131\u015f oldu\u011fu ilk i\u015flem gidip kar\u015f\u0131 kom\u015fusundan s\u00f6z konusu olaya ili\u015fkin kamera kay\u0131tlar\u0131n\u0131 silmesi olmu\u015f&#8221; diye konu\u015ftu.<br \/><\/p>\n","protected":false},"excerpt":{"rendered":"<p>\u0130zmir\u2019de \u00e7ocu\u011funa bebek bezi almaya giden Ey\u00fcp Unutur\u2019a \u00f6nce ba\u015f\u0131bo\u015f k\u00f6pekler sald\u0131rd\u0131, sonra da bu hayvanlar\u0131 sahiplenen ki\u015filer 25 ya\u015f\u0131ndaki vatanda\u015f\u0131 kalas ve b\u0131\u00e7akla feci \u015fekilde darbetti. \u0130zmir\u2019in Buca il\u00e7esi Mustafa Kemal Mahallesi\u2019nde ya\u015fayan T\u00fcrkiye Gen\u00e7lik Vakf\u0131 (T\u00dcGVA) Buca \u0130l\u00e7e Temsilcisi Ey\u00fcp Unutur, ak\u015fam saatlerinde k\u00fc\u00e7\u00fck \u00e7ocu\u011funun bezinin bitmesi \u00fczerine markete gitmek i\u00e7in d\u0131\u015far\u0131ya \u00e7\u0131kt\u0131&#8230;.<\/p>\n","protected":false},"author":1,"featured_media":20655,"comment_status":"open","ping_status":"open","sticky":false,"template":"","format":"standard","meta":{"_crdt_document":"","footnotes":""},"categories":[5],"tags":[],"class_list":["post-20654","post","type-post","status-publish","format-standard","has-post-thumbnail","hentry","category-asayis"],"_links":{"self":[{"href":"https:\/\/www.egemtv.com\/index.php?rest_route=\/wp\/v2\/posts\/20654","targetHints":{"allow":["GET"]}}],"collection":[{"href":"https:\/\/www.egemtv.com\/index.php?rest_route=\/wp\/v2\/posts"}],"about":[{"href":"https:\/\/www.egemtv.com\/index.php?rest_route=\/wp\/v2\/types\/post"}],"author":[{"embeddable":true,"href":"https:\/\/www.egemtv.com\/index.php?rest_route=\/wp\/v2\/users\/1"}],"replies":[{"embeddable":true,"href":"https:\/\/www.egemtv.com\/index.php?rest_route=%2Fwp%2Fv2%2Fcomments&post=20654"}],"version-history":[{"count":1,"href":"https:\/\/www.egemtv.com\/index.php?rest_route=\/wp\/v2\/posts\/20654\/revisions"}],"predecessor-version":[{"id":20656,"href":"https:\/\/www.egemtv.com\/index.php?rest_route=\/wp\/v2\/posts\/20654\/revisions\/20656"}],"wp:featuredmedia":[{"embeddable":true,"href":"https:\/\/www.egemtv.com\/index.php?rest_route=\/wp\/v2\/media\/20655"}],"wp:attachment":[{"href":"https:\/\/www.egemtv.com\/index.php?rest_route=%2Fwp%2Fv2%2Fmedia&parent=20654"}],"wp:term":[{"taxonomy":"category","embeddable":true,"href":"https:\/\/www.egemtv.com\/index.php?rest_route=%2Fwp%2Fv2%2Fcategories&post=20654"},{"taxonomy":"post_tag","embeddable":true,"href":"https:\/\/www.egemtv.com\/index.php?rest_route=%2Fwp%2Fv2%2Ftags&post=20654"}],"curies":[{"name":"wp","href":"https:\/\/api.w.org\/{rel}","templated":true}]}}