{"id":20618,"date":"2025-02-19T16:42:33","date_gmt":"2025-02-19T13:42:33","guid":{"rendered":"https:\/\/www.egemtv.com\/?p=20618"},"modified":"2025-02-19T16:42:38","modified_gmt":"2025-02-19T13:42:38","slug":"bozdoganda-toki-konutlari-icin-yer-tahsisi-yapildi","status":"publish","type":"post","link":"https:\/\/www.egemtv.com\/?p=20618","title":{"rendered":"Bozdo\u011fan\u2019da TOK\u0130 konutlar\u0131 i\u00e7in yer tahsisi yap\u0131ld\u0131"},"content":{"rendered":"<p>Bozdo\u011fan Belediye Ba\u015fkan\u0131 Mustafa Galip \u00d6zel\u2019in ba\u015fkanl\u0131\u011f\u0131nda ola\u011fan\u00fcst\u00fc toplanan Belediye Meclisi, Yaz\u0131kent Mahallesi\u2019nde in\u015fa edilecek 69 yeni TOK\u0130 konutu i\u00e7in yer tahsisini onaylad\u0131.<\/p>\n<p>Ba\u015fkan Galip \u00d6zel, al\u0131nan karar\u0131n ard\u0131ndan yapt\u0131\u011f\u0131 a\u00e7\u0131klamada, &#8220;Ge\u00e7mi\u015f d\u00f6nemlerde ba\u015flat\u0131lan bu \u00f6nemli proje i\u00e7in imzay\u0131 atmak bize nasip oldu. Bozdo\u011fan Belediyesi olarak Yaz\u0131kent mahallemizde TOK\u0130\u2019ye yer tahsisini ger\u00e7ekle\u015ftirdik. Bundan sonraki s\u00fcre\u00e7te ihale s\u00fcreci ba\u015flayacak. \u0130l\u00e7emize hay\u0131rl\u0131 olsun. Eme\u011fi ge\u00e7en herkese ve meclis \u00fcyelerimize te\u015fekk\u00fcr ediyorum&#8221; dedi.<\/p>\n<p>28 \u015eubat\u2019ta TOK\u0130 taraf\u0131ndan y\u00fcr\u00fct\u00fclecek ihale s\u00fcrecinin ard\u0131ndan konut yap\u0131m\u0131na ba\u015flanmas\u0131 bekleniyor. Projeye dair detaylar ilerleyen g\u00fcnlerde kamuoyuyla payla\u015f\u0131lacak.<br \/><\/p>\n","protected":false},"excerpt":{"rendered":"<p>Bozdo\u011fan Belediye Ba\u015fkan\u0131 Mustafa Galip \u00d6zel\u2019in ba\u015fkanl\u0131\u011f\u0131nda ola\u011fan\u00fcst\u00fc toplanan Belediye Meclisi, Yaz\u0131kent Mahallesi\u2019nde in\u015fa edilecek 69 yeni TOK\u0130 konutu i\u00e7in yer tahsisini onaylad\u0131. Ba\u015fkan Galip \u00d6zel, al\u0131nan karar\u0131n ard\u0131ndan yapt\u0131\u011f\u0131 a\u00e7\u0131klamada, &#8220;Ge\u00e7mi\u015f d\u00f6nemlerde ba\u015flat\u0131lan bu \u00f6nemli proje i\u00e7in imzay\u0131 atmak bize nasip oldu. Bozdo\u011fan Belediyesi olarak Yaz\u0131kent mahallemizde TOK\u0130\u2019ye yer tahsisini ger\u00e7ekle\u015ftirdik. Bundan sonraki s\u00fcre\u00e7te&#8230;<\/p>\n","protected":false},"author":1,"featured_media":20619,"comment_status":"open","ping_status":"open","sticky":false,"template":"","format":"standard","meta":{"_crdt_document":"","footnotes":""},"categories":[1],"tags":[],"class_list":["post-20618","post","type-post","status-publish","format-standard","has-post-thumbnail","hentry","category-guncel"],"_links":{"self":[{"href":"https:\/\/www.egemtv.com\/index.php?rest_route=\/wp\/v2\/posts\/20618","targetHints":{"allow":["GET"]}}],"collection":[{"href":"https:\/\/www.egemtv.com\/index.php?rest_route=\/wp\/v2\/posts"}],"about":[{"href":"https:\/\/www.egemtv.com\/index.php?rest_route=\/wp\/v2\/types\/post"}],"author":[{"embeddable":true,"href":"https:\/\/www.egemtv.com\/index.php?rest_route=\/wp\/v2\/users\/1"}],"replies":[{"embeddable":true,"href":"https:\/\/www.egemtv.com\/index.php?rest_route=%2Fwp%2Fv2%2Fcomments&post=20618"}],"version-history":[{"count":1,"href":"https:\/\/www.egemtv.com\/index.php?rest_route=\/wp\/v2\/posts\/20618\/revisions"}],"predecessor-version":[{"id":20620,"href":"https:\/\/www.egemtv.com\/index.php?rest_route=\/wp\/v2\/posts\/20618\/revisions\/20620"}],"wp:featuredmedia":[{"embeddable":true,"href":"https:\/\/www.egemtv.com\/index.php?rest_route=\/wp\/v2\/media\/20619"}],"wp:attachment":[{"href":"https:\/\/www.egemtv.com\/index.php?rest_route=%2Fwp%2Fv2%2Fmedia&parent=20618"}],"wp:term":[{"taxonomy":"category","embeddable":true,"href":"https:\/\/www.egemtv.com\/index.php?rest_route=%2Fwp%2Fv2%2Fcategories&post=20618"},{"taxonomy":"post_tag","embeddable":true,"href":"https:\/\/www.egemtv.com\/index.php?rest_route=%2Fwp%2Fv2%2Ftags&post=20618"}],"curies":[{"name":"wp","href":"https:\/\/api.w.org\/{rel}","templated":true}]}}