{"id":20615,"date":"2025-02-19T16:42:17","date_gmt":"2025-02-19T13:42:17","guid":{"rendered":"https:\/\/www.egemtv.com\/?p=20615"},"modified":"2025-02-19T16:42:22","modified_gmt":"2025-02-19T13:42:22","slug":"kazada-yaralanan-26-ogrenciden-18i-tabucu-oldu","status":"publish","type":"post","link":"https:\/\/www.egemtv.com\/?p=20615","title":{"rendered":"Kazada yaralanan 26 \u00f6\u011frenciden 18\u2019i tabucu oldu"},"content":{"rendered":"<p>DEN\u0130ZL\u0130(\u0130HA) \u2013 Denizli\u2019de halter \u015fampiyonas\u0131na kat\u0131lmak \u00fczere \u0130zmir\u2019den yola \u00e7\u0131kan \u00f6\u011frencileri ta\u015f\u0131yan midib\u00fcs\u00fcn Buldan\u2019da devrildi\u011fi kazada yaralanan 26 ki\u015fiden 18\u2019i hastanedeki tedavilerinin ard\u0131ndan taburcu edildi. Kazada 2 ki\u015fi hayat\u0131n\u0131 kaybederken, yaral\u0131 8 \u00f6\u011frencinin hastanede tedavisi devam ediyor.<\/p>\n<p>D\u00fcn, Buldan il\u00e7esi Yenicekent Mahallesi Denizli-Salihli karayolunda meydana gelen kazada, Besim G. (66) idaresindeki 35 BYZ 354 plakal\u0131 midib\u00fcs kar\u015f\u0131 \u015feride ge\u00e7erek, tarlaya devrildi. \u0130zmir\u2019den hareket eden midib\u00fcs\u00fcn Okul Sporlar\u0131 Gen\u00e7 K\u0131zlar Halter \u015eampiyonas\u0131\u2019na kat\u0131lacak olan Konak \u00c7\u0131narl\u0131 End\u00fcstri Meslek Lisesi \u00f6\u011frencilerini ve \u00f6\u011fretmenlerini ta\u015f\u0131yordu. Meydana gelen trafik kazas\u0131nda yaralanan 26 \u00f6\u011frenciden 18\u2019i hastanedeki tedavilerinin ard\u0131ndan taburcu edildi. Yaral\u0131 8 \u00f6\u011frencinin hastanede tedavisi devam ediyor.<\/p>\n<p>Kazada hayat\u0131n\u0131 kaybeden Nisanur Y\u0131ld\u0131zer (15) ve antren\u00f6r Zeynep Bozkurt (64) Denizli Adli T\u0131p Kurumu Grup Ba\u015fkanl\u0131\u011f\u0131 morguna kald\u0131r\u0131lmas\u0131n\u0131n ard\u0131ndan cenazeleri \u0130zmir\u2019e sevk edildi.<\/p>\n<p>Kazayla ilgili \u00e7al\u0131\u015fmalar devam ediyor.<br \/><\/p>\n","protected":false},"excerpt":{"rendered":"<p>DEN\u0130ZL\u0130(\u0130HA) \u2013 Denizli\u2019de halter \u015fampiyonas\u0131na kat\u0131lmak \u00fczere \u0130zmir\u2019den yola \u00e7\u0131kan \u00f6\u011frencileri ta\u015f\u0131yan midib\u00fcs\u00fcn Buldan\u2019da devrildi\u011fi kazada yaralanan 26 ki\u015fiden 18\u2019i hastanedeki tedavilerinin ard\u0131ndan taburcu edildi. Kazada 2 ki\u015fi hayat\u0131n\u0131 kaybederken, yaral\u0131 8 \u00f6\u011frencinin hastanede tedavisi devam ediyor. D\u00fcn, Buldan il\u00e7esi Yenicekent Mahallesi Denizli-Salihli karayolunda meydana gelen kazada, Besim G. (66) idaresindeki 35 BYZ 354 plakal\u0131&#8230;<\/p>\n","protected":false},"author":1,"featured_media":20616,"comment_status":"open","ping_status":"open","sticky":false,"template":"","format":"standard","meta":{"_crdt_document":"","footnotes":""},"categories":[5],"tags":[],"class_list":["post-20615","post","type-post","status-publish","format-standard","has-post-thumbnail","hentry","category-asayis"],"_links":{"self":[{"href":"https:\/\/www.egemtv.com\/index.php?rest_route=\/wp\/v2\/posts\/20615","targetHints":{"allow":["GET"]}}],"collection":[{"href":"https:\/\/www.egemtv.com\/index.php?rest_route=\/wp\/v2\/posts"}],"about":[{"href":"https:\/\/www.egemtv.com\/index.php?rest_route=\/wp\/v2\/types\/post"}],"author":[{"embeddable":true,"href":"https:\/\/www.egemtv.com\/index.php?rest_route=\/wp\/v2\/users\/1"}],"replies":[{"embeddable":true,"href":"https:\/\/www.egemtv.com\/index.php?rest_route=%2Fwp%2Fv2%2Fcomments&post=20615"}],"version-history":[{"count":1,"href":"https:\/\/www.egemtv.com\/index.php?rest_route=\/wp\/v2\/posts\/20615\/revisions"}],"predecessor-version":[{"id":20617,"href":"https:\/\/www.egemtv.com\/index.php?rest_route=\/wp\/v2\/posts\/20615\/revisions\/20617"}],"wp:featuredmedia":[{"embeddable":true,"href":"https:\/\/www.egemtv.com\/index.php?rest_route=\/wp\/v2\/media\/20616"}],"wp:attachment":[{"href":"https:\/\/www.egemtv.com\/index.php?rest_route=%2Fwp%2Fv2%2Fmedia&parent=20615"}],"wp:term":[{"taxonomy":"category","embeddable":true,"href":"https:\/\/www.egemtv.com\/index.php?rest_route=%2Fwp%2Fv2%2Fcategories&post=20615"},{"taxonomy":"post_tag","embeddable":true,"href":"https:\/\/www.egemtv.com\/index.php?rest_route=%2Fwp%2Fv2%2Ftags&post=20615"}],"curies":[{"name":"wp","href":"https:\/\/api.w.org\/{rel}","templated":true}]}}