{"id":20612,"date":"2025-02-19T16:42:12","date_gmt":"2025-02-19T13:42:12","guid":{"rendered":"https:\/\/www.egemtv.com\/?p=20612"},"modified":"2025-02-19T16:42:17","modified_gmt":"2025-02-19T13:42:17","slug":"ortaca-yerbelende-su-sorunu-ortadan-kalkti","status":"publish","type":"post","link":"https:\/\/www.egemtv.com\/?p=20612","title":{"rendered":"Ortaca Yerbelen\u2019de su sorunu ortadan kalkt\u0131"},"content":{"rendered":"<p>Mu\u011fla B\u00fcy\u00fck\u015fehir Belediyesi Su ve Kanalizasyon \u0130daresi (MUSK\u0130) ekipleri i\u00e7me suyu sorunu ya\u015fanan b\u00f6lgelerde \u00e7al\u0131\u015fmalar\u0131n\u0131 yo\u011funla\u015ft\u0131rd\u0131. Yaz mevsimi gelmeden bu sorunlar\u0131 tek tek gidermek i\u00e7in yo\u011fun mesai harcayan ekipler kentin farkl\u0131 noktalar\u0131nda projelerini hayata ge\u00e7irmeye devam ediyor. Son olarak Ortaca \u0130l\u00e7esinde \u00e7al\u0131\u015fma ger\u00e7ekle\u015ftiren ekipler Yerbelen Mahallesinin su sorununu kal\u0131c\u0131 olarak \u00e7\u00f6zd\u00fc.<br \/>\n<br \/>\u0130\u00e7me suyu hatlar\u0131ndaki ar\u0131zalara m\u00fcdahale zordu<br \/>\n<br \/>Ortaca Yerbelen mahallesinde i\u00e7me suyu hatlar\u0131n\u0131n yol seviyesinin 4-5 metre alt\u0131nda kalmas\u0131 nedeniyle bu hatlar \u00fczerinde ya\u015fanan ar\u0131zalara m\u00fcdahale etmenin \u00e7ok zor oldu\u011fu ve \u00e7al\u0131\u015fmalar\u0131n zor olmas\u0131 nedeniyle ar\u0131za s\u0131ras\u0131nda kesinti s\u00fcreleri uzad\u0131\u011f\u0131 i\u00e7in b\u00f6lgede \u00e7al\u0131\u015fma ba\u015flat\u0131ld\u0131. MUSK\u0130 ekipleri taraf\u0131ndan bas\u0131n\u00e7 d\u00fc\u015f\u00fckl\u00fc\u011f\u00fcne ve farkl\u0131 i\u00e7me suyu sorunlar\u0131na neden olan hat i\u00e7in yenileme \u00e7al\u0131\u015fmas\u0131 ba\u015flat\u0131ld\u0131. Yap\u0131lan \u00e7al\u0131\u015fma kapsam\u0131nda hatt\u0131n 1500 metrelik k\u0131sm\u0131 yenilenirken b\u00f6lgedeki su s\u0131k\u0131nt\u0131s\u0131 tamamen ortadan kalkt\u0131.<br \/>\n<br \/>Mahalle sakini \u00d6zge G\u00fcn, &#8220;6-7 y\u0131ld\u0131r biz bu sorunu ya\u015famaktay\u0131z. Ben ikinci katta oturuyorum kendim. Sular b\u00f6yle bula\u015f\u0131k y\u0131karken az geliyordu. Hatta \u00e7ama\u015f\u0131r makinesinin tam durulanmamas\u0131ndan kaynakl\u0131 makinelerde ar\u0131zalar ya\u015fan\u0131yordu. \u015eu an sular tazyikli ve g\u00fc\u00e7l\u00fc geliyor. Mu\u011fla B\u00fcy\u00fck\u015fehir Belediye Ba\u015fkan\u0131m\u0131z Ahmet Aras Bey\u2019e te\u015fekk\u00fcr ederim&#8221; diye konu\u015ftu.<br \/>\n<br \/>Ortaca Yerbelen Mahalle Muhtar\u0131 H\u00fcseyin G\u00fcn, &#8220;6 y\u0131ld\u0131r Yerbelen Mahallesi\u2019nde su s\u0131k\u0131nt\u0131s\u0131 vard\u0131. 2\u2019nci katlara bas\u0131n\u00e7tan dolay\u0131 \u00e7ama\u015f\u0131r makineleri ar\u0131za veriyordu. Vatanda\u015flar\u0131m\u0131z s\u0131k\u0131nt\u0131 ya\u015f\u0131yorlard\u0131. Bu yeni hat d\u00f6\u015fendikten sonra \u015fu an bu s\u0131k\u0131nt\u0131m\u0131z ortadan kalkt\u0131&#8221; dedi.<br \/>\n<br \/>Ortaca su ve kanal i\u015fletme \u015fube m\u00fcd\u00fcr vekili Zeynep Atik \u00d6zt\u00fcrk b\u00f6lgede yap\u0131lan \u00e7al\u0131\u015fma hakk\u0131nda bilgi verdi. \u00d6zt\u00fcrk, &#8220;Burada kanal\u0131n i\u00e7erisinden ge\u00e7en bir borumuz vard\u0131 ve yol kotundan ortalama 4-5 metre falan a\u015fa\u011f\u0131da kal\u0131yordu. Dolay\u0131s\u0131yla ar\u0131zalar\u0131n tespiti konusunda ve ar\u0131zalar\u0131n yap\u0131lmas\u0131 konusunda s\u0131k\u0131nt\u0131lar ya\u015famaktayd\u0131k. Tespiti \u00e7ok zordu bizim i\u00e7in. Sonra biz bu borular\u0131 yol kotu seviyesine ald\u0131k. Olmas\u0131 gereken yere ve yol kenar\u0131na ald\u0131k. Kanal\u0131n i\u00e7inden \u00e7\u0131kard\u0131k. Yakla\u015f\u0131k Bin 500 metre hat d\u00f6\u015fendi buraya&#8221; dedi.<br \/><\/p>\n","protected":false},"excerpt":{"rendered":"<p>Mu\u011fla B\u00fcy\u00fck\u015fehir Belediyesi Su ve Kanalizasyon \u0130daresi (MUSK\u0130) ekipleri i\u00e7me suyu sorunu ya\u015fanan b\u00f6lgelerde \u00e7al\u0131\u015fmalar\u0131n\u0131 yo\u011funla\u015ft\u0131rd\u0131. Yaz mevsimi gelmeden bu sorunlar\u0131 tek tek gidermek i\u00e7in yo\u011fun mesai harcayan ekipler kentin farkl\u0131 noktalar\u0131nda projelerini hayata ge\u00e7irmeye devam ediyor. Son olarak Ortaca \u0130l\u00e7esinde \u00e7al\u0131\u015fma ger\u00e7ekle\u015ftiren ekipler Yerbelen Mahallesinin su sorununu kal\u0131c\u0131 olarak \u00e7\u00f6zd\u00fc. \u0130\u00e7me suyu hatlar\u0131ndaki ar\u0131zalara&#8230;<\/p>\n","protected":false},"author":1,"featured_media":20613,"comment_status":"open","ping_status":"open","sticky":false,"template":"","format":"standard","meta":{"_crdt_document":"","footnotes":""},"categories":[2],"tags":[],"class_list":["post-20612","post","type-post","status-publish","format-standard","has-post-thumbnail","hentry","category-saglik"],"_links":{"self":[{"href":"https:\/\/www.egemtv.com\/index.php?rest_route=\/wp\/v2\/posts\/20612","targetHints":{"allow":["GET"]}}],"collection":[{"href":"https:\/\/www.egemtv.com\/index.php?rest_route=\/wp\/v2\/posts"}],"about":[{"href":"https:\/\/www.egemtv.com\/index.php?rest_route=\/wp\/v2\/types\/post"}],"author":[{"embeddable":true,"href":"https:\/\/www.egemtv.com\/index.php?rest_route=\/wp\/v2\/users\/1"}],"replies":[{"embeddable":true,"href":"https:\/\/www.egemtv.com\/index.php?rest_route=%2Fwp%2Fv2%2Fcomments&post=20612"}],"version-history":[{"count":1,"href":"https:\/\/www.egemtv.com\/index.php?rest_route=\/wp\/v2\/posts\/20612\/revisions"}],"predecessor-version":[{"id":20614,"href":"https:\/\/www.egemtv.com\/index.php?rest_route=\/wp\/v2\/posts\/20612\/revisions\/20614"}],"wp:featuredmedia":[{"embeddable":true,"href":"https:\/\/www.egemtv.com\/index.php?rest_route=\/wp\/v2\/media\/20613"}],"wp:attachment":[{"href":"https:\/\/www.egemtv.com\/index.php?rest_route=%2Fwp%2Fv2%2Fmedia&parent=20612"}],"wp:term":[{"taxonomy":"category","embeddable":true,"href":"https:\/\/www.egemtv.com\/index.php?rest_route=%2Fwp%2Fv2%2Fcategories&post=20612"},{"taxonomy":"post_tag","embeddable":true,"href":"https:\/\/www.egemtv.com\/index.php?rest_route=%2Fwp%2Fv2%2Ftags&post=20612"}],"curies":[{"name":"wp","href":"https:\/\/api.w.org\/{rel}","templated":true}]}}