{"id":20608,"date":"2025-02-19T16:36:13","date_gmt":"2025-02-19T13:36:13","guid":{"rendered":"https:\/\/www.egemtv.com\/?p=20608"},"modified":"2025-02-19T16:36:19","modified_gmt":"2025-02-19T13:36:19","slug":"baskan-cercioglundan-hayirseverlere-cagri-2","status":"publish","type":"post","link":"https:\/\/www.egemtv.com\/?p=20608","title":{"rendered":"Ba\u015fkan \u00c7er\u00e7io\u011flu\u2019ndan \u2019hay\u0131rseverlere\u2019 \u00e7a\u011fr\u0131"},"content":{"rendered":"<p>Ayd\u0131n B\u00fcy\u00fck\u015fehir Belediye Ba\u015fkan\u0131 \u00d6zlem \u00c7er\u00e7io\u011flu, hay\u0131rseverler \u00e7a\u011fr\u0131da bulunarak yakla\u015fan Ramazan ay\u0131 \u00f6ncesinde k\u00fc\u00e7\u00fck esnaf\u0131n veresiye defterlerinin kapat\u0131larak destek olunmal\u0131 dedi.<\/p>\n<p>Her f\u0131rsatta k\u00fc\u00e7\u00fck esnaflar\u0131n \u00f6nemine dikkat \u00e7ekerek projeler geli\u015ftiren Ayd\u0131n B\u00fcy\u00fck\u015fehir Belediye Ba\u015fkan\u0131 \u00d6zlem \u00c7er\u00e7io\u011flu, yapt\u0131\u011f\u0131 a\u00e7\u0131klama ile hay\u0131rseverlere \u00e7a\u011fr\u0131da bulundu. Ramazan ay\u0131 \u00f6ncesinde k\u00fc\u00e7\u00fck esnafa destek \u00e7a\u011fr\u0131s\u0131nda bulunan Ba\u015fkan \u00c7er\u00e7io\u011flu, t\u00fcm hay\u0131rseverleri veresiye defterlerini kapatmaya davet etti.<\/p>\n<p>Ba\u015fkan \u00c7er\u00e7io\u011flu, yapt\u0131\u011f\u0131 payla\u015f\u0131mda &#8220;Ramazan ay\u0131 \u00f6ncesinde t\u00fcm hay\u0131rseverleri, k\u00fc\u00e7\u00fck esnaf\u0131m\u0131z\u0131n veresiye defterlerini kapatmaya davet ediyorum. Vatanda\u015flar\u0131m\u0131za ve esnaf\u0131m\u0131za yap\u0131lacak bu anlaml\u0131 yard\u0131m ile birlik ve beraberli\u011fimize katk\u0131 sunabiliriz. Al\u0131\u015fveri\u015flerimizde \u00f6nceli\u011fimizi k\u00fc\u00e7\u00fck esnaf\u0131m\u0131za vererek Ayd\u0131n\u2019\u0131n ve Ayd\u0131nl\u0131n\u0131n kazanmas\u0131na katk\u0131 sunar\u0131z&#8221; ifadelerine yer verdi.<br \/><\/p>\n","protected":false},"excerpt":{"rendered":"<p>Ayd\u0131n B\u00fcy\u00fck\u015fehir Belediye Ba\u015fkan\u0131 \u00d6zlem \u00c7er\u00e7io\u011flu, hay\u0131rseverler \u00e7a\u011fr\u0131da bulunarak yakla\u015fan Ramazan ay\u0131 \u00f6ncesinde k\u00fc\u00e7\u00fck esnaf\u0131n veresiye defterlerinin kapat\u0131larak destek olunmal\u0131 dedi. Her f\u0131rsatta k\u00fc\u00e7\u00fck esnaflar\u0131n \u00f6nemine dikkat \u00e7ekerek projeler geli\u015ftiren Ayd\u0131n B\u00fcy\u00fck\u015fehir Belediye Ba\u015fkan\u0131 \u00d6zlem \u00c7er\u00e7io\u011flu, yapt\u0131\u011f\u0131 a\u00e7\u0131klama ile hay\u0131rseverlere \u00e7a\u011fr\u0131da bulundu. Ramazan ay\u0131 \u00f6ncesinde k\u00fc\u00e7\u00fck esnafa destek \u00e7a\u011fr\u0131s\u0131nda bulunan Ba\u015fkan \u00c7er\u00e7io\u011flu, t\u00fcm hay\u0131rseverleri veresiye&#8230;<\/p>\n","protected":false},"author":1,"featured_media":20609,"comment_status":"open","ping_status":"open","sticky":false,"template":"","format":"standard","meta":{"_crdt_document":"","footnotes":""},"categories":[1],"tags":[],"class_list":["post-20608","post","type-post","status-publish","format-standard","has-post-thumbnail","hentry","category-guncel"],"_links":{"self":[{"href":"https:\/\/www.egemtv.com\/index.php?rest_route=\/wp\/v2\/posts\/20608","targetHints":{"allow":["GET"]}}],"collection":[{"href":"https:\/\/www.egemtv.com\/index.php?rest_route=\/wp\/v2\/posts"}],"about":[{"href":"https:\/\/www.egemtv.com\/index.php?rest_route=\/wp\/v2\/types\/post"}],"author":[{"embeddable":true,"href":"https:\/\/www.egemtv.com\/index.php?rest_route=\/wp\/v2\/users\/1"}],"replies":[{"embeddable":true,"href":"https:\/\/www.egemtv.com\/index.php?rest_route=%2Fwp%2Fv2%2Fcomments&post=20608"}],"version-history":[{"count":1,"href":"https:\/\/www.egemtv.com\/index.php?rest_route=\/wp\/v2\/posts\/20608\/revisions"}],"predecessor-version":[{"id":20611,"href":"https:\/\/www.egemtv.com\/index.php?rest_route=\/wp\/v2\/posts\/20608\/revisions\/20611"}],"wp:featuredmedia":[{"embeddable":true,"href":"https:\/\/www.egemtv.com\/index.php?rest_route=\/wp\/v2\/media\/20609"}],"wp:attachment":[{"href":"https:\/\/www.egemtv.com\/index.php?rest_route=%2Fwp%2Fv2%2Fmedia&parent=20608"}],"wp:term":[{"taxonomy":"category","embeddable":true,"href":"https:\/\/www.egemtv.com\/index.php?rest_route=%2Fwp%2Fv2%2Fcategories&post=20608"},{"taxonomy":"post_tag","embeddable":true,"href":"https:\/\/www.egemtv.com\/index.php?rest_route=%2Fwp%2Fv2%2Ftags&post=20608"}],"curies":[{"name":"wp","href":"https:\/\/api.w.org\/{rel}","templated":true}]}}