{"id":20602,"date":"2025-02-19T16:36:09","date_gmt":"2025-02-19T13:36:09","guid":{"rendered":"https:\/\/www.egemtv.com\/?p=20602"},"modified":"2025-02-19T16:36:12","modified_gmt":"2025-02-19T13:36:12","slug":"ispartada-ev-yangini-itfaiye-ekiplerince-sonduruldu","status":"publish","type":"post","link":"https:\/\/www.egemtv.com\/?p=20602","title":{"rendered":"Isparta\u2019da ev yang\u0131n\u0131 itfaiye ekiplerince s\u00f6nd\u00fcr\u00fcld\u00fc"},"content":{"rendered":"<p>Isparta\u2019n\u0131n Yalva\u00e7 il\u00e7esinde bir dairede meydana gelen yang\u0131n itfaiye ekiplerinin m\u00fcdahalesi sonucu k\u0131sa s\u00fcrede s\u00f6nd\u00fcr\u00fcld\u00fc. Yang\u0131nda herhangi bir yaralanma olmazken dairenin bir k\u0131sm\u0131 tamamen yanarak kullan\u0131lamaz hale geldi.<br \/>\n<br \/>Yang\u0131n, saat 15.00 s\u0131ralar\u0131nda Yalva\u00e7 il\u00e7esi \u00c7ar\u015f\u0131 Mahallesi H\u00fck\u00fcmet Caddesi\u2019nde bulunan bir binada meydana geldi. Edinilen bilgiye g\u00f6re, Halit Demirliye ait dairede hen\u00fcz nedeni bilinmeyen bir sebeple yang\u0131n \u00e7\u0131kt\u0131. Dumanlar\u0131n y\u00fckseldi\u011fini g\u00f6ren \u00e7evredeki vatanda\u015flar durumu 112 Acil \u00c7a\u011fr\u0131 Merkezi\u2019ne bildirdi. \u0130hbar \u00fczerine b\u00f6lgeye polis, sa\u011fl\u0131k ve itfaiye ekipleri sevk edildi. Olay yerin gelen itfaiye ekiplerinin \u00e7al\u0131\u015fmalar\u0131 sonucu yang\u0131n k\u0131sa s\u00fcrede kontrol alt\u0131na al\u0131nd\u0131. Yang\u0131nda herhangi bir yaralanma olmazken dairenin bir k\u0131sm\u0131 tamamen yanarak kullan\u0131lamaz hale geldi. Yang\u0131n\u0131n \u00e7\u0131k\u0131\u015f nedeni ile ilgili inceleme ba\u015flat\u0131ld\u0131.<br \/><\/p>\n","protected":false},"excerpt":{"rendered":"<p>Isparta\u2019n\u0131n Yalva\u00e7 il\u00e7esinde bir dairede meydana gelen yang\u0131n itfaiye ekiplerinin m\u00fcdahalesi sonucu k\u0131sa s\u00fcrede s\u00f6nd\u00fcr\u00fcld\u00fc. Yang\u0131nda herhangi bir yaralanma olmazken dairenin bir k\u0131sm\u0131 tamamen yanarak kullan\u0131lamaz hale geldi. Yang\u0131n, saat 15.00 s\u0131ralar\u0131nda Yalva\u00e7 il\u00e7esi \u00c7ar\u015f\u0131 Mahallesi H\u00fck\u00fcmet Caddesi\u2019nde bulunan bir binada meydana geldi. Edinilen bilgiye g\u00f6re, Halit Demirliye ait dairede hen\u00fcz nedeni bilinmeyen bir sebeple&#8230;<\/p>\n","protected":false},"author":1,"featured_media":20603,"comment_status":"open","ping_status":"open","sticky":false,"template":"","format":"standard","meta":{"_crdt_document":"","footnotes":""},"categories":[5],"tags":[],"class_list":["post-20602","post","type-post","status-publish","format-standard","has-post-thumbnail","hentry","category-asayis"],"_links":{"self":[{"href":"https:\/\/www.egemtv.com\/index.php?rest_route=\/wp\/v2\/posts\/20602","targetHints":{"allow":["GET"]}}],"collection":[{"href":"https:\/\/www.egemtv.com\/index.php?rest_route=\/wp\/v2\/posts"}],"about":[{"href":"https:\/\/www.egemtv.com\/index.php?rest_route=\/wp\/v2\/types\/post"}],"author":[{"embeddable":true,"href":"https:\/\/www.egemtv.com\/index.php?rest_route=\/wp\/v2\/users\/1"}],"replies":[{"embeddable":true,"href":"https:\/\/www.egemtv.com\/index.php?rest_route=%2Fwp%2Fv2%2Fcomments&post=20602"}],"version-history":[{"count":1,"href":"https:\/\/www.egemtv.com\/index.php?rest_route=\/wp\/v2\/posts\/20602\/revisions"}],"predecessor-version":[{"id":20604,"href":"https:\/\/www.egemtv.com\/index.php?rest_route=\/wp\/v2\/posts\/20602\/revisions\/20604"}],"wp:featuredmedia":[{"embeddable":true,"href":"https:\/\/www.egemtv.com\/index.php?rest_route=\/wp\/v2\/media\/20603"}],"wp:attachment":[{"href":"https:\/\/www.egemtv.com\/index.php?rest_route=%2Fwp%2Fv2%2Fmedia&parent=20602"}],"wp:term":[{"taxonomy":"category","embeddable":true,"href":"https:\/\/www.egemtv.com\/index.php?rest_route=%2Fwp%2Fv2%2Fcategories&post=20602"},{"taxonomy":"post_tag","embeddable":true,"href":"https:\/\/www.egemtv.com\/index.php?rest_route=%2Fwp%2Fv2%2Ftags&post=20602"}],"curies":[{"name":"wp","href":"https:\/\/api.w.org\/{rel}","templated":true}]}}