{"id":20599,"date":"2025-02-19T16:36:08","date_gmt":"2025-02-19T13:36:08","guid":{"rendered":"https:\/\/www.egemtv.com\/?p=20599"},"modified":"2025-02-19T16:36:13","modified_gmt":"2025-02-19T13:36:13","slug":"baskan-cercioglu-aydinin-camilerini-ramazan-ayina-hazirliyor-2","status":"publish","type":"post","link":"https:\/\/www.egemtv.com\/?p=20599","title":{"rendered":"Ba\u015fkan \u00c7er\u00e7io\u011flu Ayd\u0131n\u2019\u0131n camilerini Ramazan Ay\u0131\u2019na haz\u0131rl\u0131yor"},"content":{"rendered":"<p>Y\u0131l boyunca d\u00fczenli olarak il genelinde bulunan camilerde hijyen ve temizlik \u00e7al\u0131\u015fmalar\u0131 ger\u00e7ekle\u015ftiren Ayd\u0131n B\u00fcy\u00fck\u015fehir Belediyesi, Ramazan ay\u0131 \u00f6ncesinde \u00e7al\u0131\u015fmalar\u0131n\u0131 yo\u011funla\u015ft\u0131rd\u0131.<\/p>\n<p>Vatanda\u015flar\u0131n ibadetlerini hijyenik \u015fartlarda ve huzurlu bir \u015fekilde yapabilmesi i\u00e7in temizlik \u00e7al\u0131\u015fmalar\u0131na devam eden B\u00fcy\u00fck\u015fehir Belediyesi, il genelinde bulunan camileri Ramazan ay\u0131na haz\u0131rl\u0131yor. Ekipler, camilerde bulunan tuvaletleri dezenfekte ediyor, camlar\u0131 temizliyor ve genel hijyen \u015fartlar\u0131n\u0131 sa\u011fl\u0131yor. B\u00fcy\u00fck\u015fehir Belediyesi ekipleri, \u00f6zel temizlik \u00fcr\u00fcnleri ile temizlik ve bak\u0131m \u00e7al\u0131\u015fmalar\u0131n\u0131 s\u00fcrd\u00fcr\u00fcyor.<\/p>\n<p>Vatanda\u015flardan \u00e7al\u0131\u015fmalara tam not<br \/>\n<br \/>B\u00fcy\u00fck\u015fehir Belediyesi\u2019nin camilerde d\u00fczenli olarak ger\u00e7ekle\u015ftirdi\u011fi temizlik ve hijyen \u00e7al\u0131\u015fmalar\u0131ndan memnuniyet duyduklar\u0131n\u0131 belirten vatanda\u015flar, Ayd\u0131n B\u00fcy\u00fck\u015fehir Belediye Ba\u015fkan\u0131 \u00d6zlem \u00c7er\u00e7io\u011flu\u2019na te\u015fekk\u00fcr etti.<br \/><\/p>\n","protected":false},"excerpt":{"rendered":"<p>Y\u0131l boyunca d\u00fczenli olarak il genelinde bulunan camilerde hijyen ve temizlik \u00e7al\u0131\u015fmalar\u0131 ger\u00e7ekle\u015ftiren Ayd\u0131n B\u00fcy\u00fck\u015fehir Belediyesi, Ramazan ay\u0131 \u00f6ncesinde \u00e7al\u0131\u015fmalar\u0131n\u0131 yo\u011funla\u015ft\u0131rd\u0131. Vatanda\u015flar\u0131n ibadetlerini hijyenik \u015fartlarda ve huzurlu bir \u015fekilde yapabilmesi i\u00e7in temizlik \u00e7al\u0131\u015fmalar\u0131na devam eden B\u00fcy\u00fck\u015fehir Belediyesi, il genelinde bulunan camileri Ramazan ay\u0131na haz\u0131rl\u0131yor. Ekipler, camilerde bulunan tuvaletleri dezenfekte ediyor, camlar\u0131 temizliyor ve genel hijyen&#8230;<\/p>\n","protected":false},"author":1,"featured_media":20600,"comment_status":"open","ping_status":"open","sticky":false,"template":"","format":"standard","meta":{"_crdt_document":"","footnotes":""},"categories":[1],"tags":[],"class_list":["post-20599","post","type-post","status-publish","format-standard","has-post-thumbnail","hentry","category-guncel"],"_links":{"self":[{"href":"https:\/\/www.egemtv.com\/index.php?rest_route=\/wp\/v2\/posts\/20599","targetHints":{"allow":["GET"]}}],"collection":[{"href":"https:\/\/www.egemtv.com\/index.php?rest_route=\/wp\/v2\/posts"}],"about":[{"href":"https:\/\/www.egemtv.com\/index.php?rest_route=\/wp\/v2\/types\/post"}],"author":[{"embeddable":true,"href":"https:\/\/www.egemtv.com\/index.php?rest_route=\/wp\/v2\/users\/1"}],"replies":[{"embeddable":true,"href":"https:\/\/www.egemtv.com\/index.php?rest_route=%2Fwp%2Fv2%2Fcomments&post=20599"}],"version-history":[{"count":1,"href":"https:\/\/www.egemtv.com\/index.php?rest_route=\/wp\/v2\/posts\/20599\/revisions"}],"predecessor-version":[{"id":20607,"href":"https:\/\/www.egemtv.com\/index.php?rest_route=\/wp\/v2\/posts\/20599\/revisions\/20607"}],"wp:featuredmedia":[{"embeddable":true,"href":"https:\/\/www.egemtv.com\/index.php?rest_route=\/wp\/v2\/media\/20600"}],"wp:attachment":[{"href":"https:\/\/www.egemtv.com\/index.php?rest_route=%2Fwp%2Fv2%2Fmedia&parent=20599"}],"wp:term":[{"taxonomy":"category","embeddable":true,"href":"https:\/\/www.egemtv.com\/index.php?rest_route=%2Fwp%2Fv2%2Fcategories&post=20599"},{"taxonomy":"post_tag","embeddable":true,"href":"https:\/\/www.egemtv.com\/index.php?rest_route=%2Fwp%2Fv2%2Ftags&post=20599"}],"curies":[{"name":"wp","href":"https:\/\/api.w.org\/{rel}","templated":true}]}}