{"id":20585,"date":"2025-02-19T15:45:48","date_gmt":"2025-02-19T12:45:48","guid":{"rendered":"https:\/\/www.egemtv.com\/?p=20585"},"modified":"2025-02-19T15:45:53","modified_gmt":"2025-02-19T12:45:53","slug":"sokede-okul-servisleri-denetlendi","status":"publish","type":"post","link":"https:\/\/www.egemtv.com\/?p=20585","title":{"rendered":"S\u00f6ke\u2019de okul servisleri denetlendi"},"content":{"rendered":"<p>Ayd\u0131n\u2019\u0131n S\u00f6ke il\u00e7esinde \u00f6\u011frencilerin g\u00fcvenli\u011finin sa\u011flanmas\u0131 amac\u0131yla okul servisleri denetlendi.<\/p>\n<p>2023-24 E\u011fitim-\u00d6\u011fretim Y\u0131l\u0131\u2019nda ikinci yar\u0131y\u0131l\u0131n ba\u015flamas\u0131 ile birlikte il genelinde denetimler aral\u0131ks\u0131z devam ediyor. Bu \u00e7er\u00e7evede S\u00f6ke il\u00e7esinde de okul servislerine y\u00f6nelik denetim ger\u00e7ekle\u015ftirildi. S\u00f6ke \u0130l\u00e7e Milli E\u011fitim M\u00fcd\u00fcrl\u00fc\u011f\u00fc personelleri, B\u00fcy\u00fck\u015fehir Belediyesi Trafik Zab\u0131tas\u0131 Ekibi, \u0130l\u00e7e Emniyet M\u00fcd\u00fcrl\u00fc\u011f\u00fc Trafik Tescil ve Denetleme Amirli\u011fi Ekibi ile \u0130l\u00e7e Jandarma Trafik Timi personellerinin kat\u0131l\u0131m\u0131yla il\u00e7e genelinde ger\u00e7ekle\u015ftirilen denetimlerde \u00f6\u011frencileri ta\u015f\u0131yan okul servisleri kontrol edildi. Ayr\u0131ca \u00f6\u011frencilere de uyulmas\u0131 gereken kurallar anlat\u0131l\u0131rken, emniyet kemerinin \u00f6nemine dikkat \u00e7ekildi.<\/p>\n<p>Denetimler ile ilgili S\u00f6ke \u0130l\u00e7e Milli E\u011fitim M\u00fcd\u00fcrl\u00fc\u011f\u00fc\u2019nden yap\u0131lan a\u00e7\u0131klamada &#8220;\u0130l\u00e7e Milli E\u011fitim M\u00fcd\u00fcrl\u00fc\u011f\u00fc personelleri, B\u00fcy\u00fck\u015fehir Belediyesi Trafik Zab\u0131tas\u0131 Ekibi, \u0130l\u00e7e Emniyet M\u00fcd\u00fcrl\u00fc\u011f\u00fc Trafik Tescil ve Denetleme Amirli\u011fi Ekibi ile \u0130l\u00e7e Jandarma Trafik Timi personellerinin kat\u0131l\u0131m\u0131yla okul servis ara\u00e7lar\u0131 denetlendi. S\u00f6ke \u0130l\u00e7e Milli E\u011fitim M\u00fcd\u00fcr\u00fcm\u00fcz \u015eerafettin Yap\u0131c\u0131, \u00f6\u011frencilerin can g\u00fcvenli\u011fi i\u00e7in denetimlerin yap\u0131ld\u0131\u011f\u0131n\u0131 ve farkl\u0131 noktalarda denetimlerinin devam edece\u011fini s\u00f6yledi&#8221; ifadeleri yer ald\u0131.<br \/><\/p>\n","protected":false},"excerpt":{"rendered":"<p>Ayd\u0131n\u2019\u0131n S\u00f6ke il\u00e7esinde \u00f6\u011frencilerin g\u00fcvenli\u011finin sa\u011flanmas\u0131 amac\u0131yla okul servisleri denetlendi. 2023-24 E\u011fitim-\u00d6\u011fretim Y\u0131l\u0131\u2019nda ikinci yar\u0131y\u0131l\u0131n ba\u015flamas\u0131 ile birlikte il genelinde denetimler aral\u0131ks\u0131z devam ediyor. Bu \u00e7er\u00e7evede S\u00f6ke il\u00e7esinde de okul servislerine y\u00f6nelik denetim ger\u00e7ekle\u015ftirildi. S\u00f6ke \u0130l\u00e7e Milli E\u011fitim M\u00fcd\u00fcrl\u00fc\u011f\u00fc personelleri, B\u00fcy\u00fck\u015fehir Belediyesi Trafik Zab\u0131tas\u0131 Ekibi, \u0130l\u00e7e Emniyet M\u00fcd\u00fcrl\u00fc\u011f\u00fc Trafik Tescil ve Denetleme Amirli\u011fi Ekibi ile&#8230;<\/p>\n","protected":false},"author":1,"featured_media":20586,"comment_status":"open","ping_status":"open","sticky":false,"template":"","format":"standard","meta":{"_crdt_document":"","footnotes":""},"categories":[1],"tags":[],"class_list":["post-20585","post","type-post","status-publish","format-standard","has-post-thumbnail","hentry","category-guncel"],"_links":{"self":[{"href":"https:\/\/www.egemtv.com\/index.php?rest_route=\/wp\/v2\/posts\/20585","targetHints":{"allow":["GET"]}}],"collection":[{"href":"https:\/\/www.egemtv.com\/index.php?rest_route=\/wp\/v2\/posts"}],"about":[{"href":"https:\/\/www.egemtv.com\/index.php?rest_route=\/wp\/v2\/types\/post"}],"author":[{"embeddable":true,"href":"https:\/\/www.egemtv.com\/index.php?rest_route=\/wp\/v2\/users\/1"}],"replies":[{"embeddable":true,"href":"https:\/\/www.egemtv.com\/index.php?rest_route=%2Fwp%2Fv2%2Fcomments&post=20585"}],"version-history":[{"count":1,"href":"https:\/\/www.egemtv.com\/index.php?rest_route=\/wp\/v2\/posts\/20585\/revisions"}],"predecessor-version":[{"id":20587,"href":"https:\/\/www.egemtv.com\/index.php?rest_route=\/wp\/v2\/posts\/20585\/revisions\/20587"}],"wp:featuredmedia":[{"embeddable":true,"href":"https:\/\/www.egemtv.com\/index.php?rest_route=\/wp\/v2\/media\/20586"}],"wp:attachment":[{"href":"https:\/\/www.egemtv.com\/index.php?rest_route=%2Fwp%2Fv2%2Fmedia&parent=20585"}],"wp:term":[{"taxonomy":"category","embeddable":true,"href":"https:\/\/www.egemtv.com\/index.php?rest_route=%2Fwp%2Fv2%2Fcategories&post=20585"},{"taxonomy":"post_tag","embeddable":true,"href":"https:\/\/www.egemtv.com\/index.php?rest_route=%2Fwp%2Fv2%2Ftags&post=20585"}],"curies":[{"name":"wp","href":"https:\/\/api.w.org\/{rel}","templated":true}]}}