{"id":20582,"date":"2025-02-19T15:45:42","date_gmt":"2025-02-19T12:45:42","guid":{"rendered":"https:\/\/www.egemtv.com\/?p=20582"},"modified":"2025-02-19T15:45:47","modified_gmt":"2025-02-19T12:45:47","slug":"babasi-icin-yesil-sahalara-veda-etti","status":"publish","type":"post","link":"https:\/\/www.egemtv.com\/?p=20582","title":{"rendered":"Babas\u0131 i\u00e7in ye\u015fil sahalara veda etti"},"content":{"rendered":"<p>\u0130ncirliova Belediyespor\u2019da forma giyen \u0130lhan Orcan, karaci\u011fer nakli bekleyen babas\u0131na organ ba\u011f\u0131\u015f\u0131nda bulunmak i\u00e7in ye\u015fil sahalara veda etti.<\/p>\n<p>Ayd\u0131n\u2019\u0131n \u0130ncirliova il\u00e7esinde ya\u015fayan ve \u0130ncirliova Belediyespor\u2019da forma giyen \u0130lhan Orcan, babas\u0131 i\u00e7in \u00e7ok sevdi\u011fi ye\u015fil sahalara veda etti. Karaci\u011fer nakli bekleyen babas\u0131na organ ba\u011f\u0131\u015f\u0131nda bulunarak \u00f6rnek davran\u0131\u015f sergileyen Orcan\u2019\u0131n sezonu kapatt\u0131\u011f\u0131n\u0131 ifade eden \u0130ncirliova Belediyespor yetkilileri, sosyal medya \u00fczerinden &#8220;Her \u015fey i\u00e7in te\u015fekk\u00fcrler \u0130lhan Orcan&#8221; ba\u015fl\u0131kl\u0131 yapt\u0131\u011f\u0131 payla\u015f\u0131m\u0131nda &#8220;Saha \u00e7\u0131kt\u0131\u011f\u0131nda terinin son damlas\u0131na kadar m\u00fccadele eden, her ma\u00e7ta y\u00fcre\u011fini ortaya koyan de\u011ferli oyuncumuz \u0130lhan Orcan, babas\u0131na organ ba\u011f\u0131\u015f\u0131nda bulanaca\u011f\u0131 i\u00e7in maalesef sezonun geri kalan\u0131nda bizlerle birlikte olamayacak. Ye\u015fil sahalardaki \u00f6zveri ve fedakarl\u0131\u011f\u0131n\u0131 saha d\u0131\u015f\u0131ndaki ya\u015fant\u0131s\u0131nda da bizlere g\u00f6steren oyuncumuza bug\u00fcne kadar \u0130ncirliova Belediyesporumuza katk\u0131lar\u0131ndan dolay\u0131 te\u015fekk\u00fcr ediyor, karaci\u011fer nakli olacak oyuncumuzun k\u0131ymetli babas\u0131 Acarlarl\u0131 hem\u015ferimiz Kamil Orcan\u2019a acil \u015fifalar diliyoruz. Bu zor s\u00fcre\u00e7te \u0130ncirliova Belediyespor ailesi olarak Orcan ailesinin her zaman yan\u0131nda olaca\u011f\u0131z&#8221; ifadeleri yer ald\u0131.<br \/><\/p>\n","protected":false},"excerpt":{"rendered":"<p>\u0130ncirliova Belediyespor\u2019da forma giyen \u0130lhan Orcan, karaci\u011fer nakli bekleyen babas\u0131na organ ba\u011f\u0131\u015f\u0131nda bulunmak i\u00e7in ye\u015fil sahalara veda etti. Ayd\u0131n\u2019\u0131n \u0130ncirliova il\u00e7esinde ya\u015fayan ve \u0130ncirliova Belediyespor\u2019da forma giyen \u0130lhan Orcan, babas\u0131 i\u00e7in \u00e7ok sevdi\u011fi ye\u015fil sahalara veda etti. Karaci\u011fer nakli bekleyen babas\u0131na organ ba\u011f\u0131\u015f\u0131nda bulunarak \u00f6rnek davran\u0131\u015f sergileyen Orcan\u2019\u0131n sezonu kapatt\u0131\u011f\u0131n\u0131 ifade eden \u0130ncirliova Belediyespor yetkilileri,&#8230;<\/p>\n","protected":false},"author":1,"featured_media":20583,"comment_status":"open","ping_status":"open","sticky":false,"template":"","format":"standard","meta":{"_crdt_document":"","footnotes":""},"categories":[123],"tags":[],"class_list":["post-20582","post","type-post","status-publish","format-standard","has-post-thumbnail","hentry","category-gundem"],"_links":{"self":[{"href":"https:\/\/www.egemtv.com\/index.php?rest_route=\/wp\/v2\/posts\/20582","targetHints":{"allow":["GET"]}}],"collection":[{"href":"https:\/\/www.egemtv.com\/index.php?rest_route=\/wp\/v2\/posts"}],"about":[{"href":"https:\/\/www.egemtv.com\/index.php?rest_route=\/wp\/v2\/types\/post"}],"author":[{"embeddable":true,"href":"https:\/\/www.egemtv.com\/index.php?rest_route=\/wp\/v2\/users\/1"}],"replies":[{"embeddable":true,"href":"https:\/\/www.egemtv.com\/index.php?rest_route=%2Fwp%2Fv2%2Fcomments&post=20582"}],"version-history":[{"count":1,"href":"https:\/\/www.egemtv.com\/index.php?rest_route=\/wp\/v2\/posts\/20582\/revisions"}],"predecessor-version":[{"id":20584,"href":"https:\/\/www.egemtv.com\/index.php?rest_route=\/wp\/v2\/posts\/20582\/revisions\/20584"}],"wp:featuredmedia":[{"embeddable":true,"href":"https:\/\/www.egemtv.com\/index.php?rest_route=\/wp\/v2\/media\/20583"}],"wp:attachment":[{"href":"https:\/\/www.egemtv.com\/index.php?rest_route=%2Fwp%2Fv2%2Fmedia&parent=20582"}],"wp:term":[{"taxonomy":"category","embeddable":true,"href":"https:\/\/www.egemtv.com\/index.php?rest_route=%2Fwp%2Fv2%2Fcategories&post=20582"},{"taxonomy":"post_tag","embeddable":true,"href":"https:\/\/www.egemtv.com\/index.php?rest_route=%2Fwp%2Fv2%2Ftags&post=20582"}],"curies":[{"name":"wp","href":"https:\/\/api.w.org\/{rel}","templated":true}]}}