{"id":20579,"date":"2025-02-19T15:45:09","date_gmt":"2025-02-19T12:45:09","guid":{"rendered":"https:\/\/www.egemtv.com\/?p=20579"},"modified":"2025-02-19T15:45:14","modified_gmt":"2025-02-19T12:45:14","slug":"egitim-fakultesi-ogrencilerine-siber-guvenlik-semineri-verildi","status":"publish","type":"post","link":"https:\/\/www.egemtv.com\/?p=20579","title":{"rendered":"E\u011fitim Fak\u00fcltesi \u00f6\u011frencilerine siber g\u00fcvenlik semineri verildi"},"content":{"rendered":"<p>Ayd\u0131n \u0130l Emniyet M\u00fcd\u00fcrl\u00fc\u011f\u00fc ve \u00fcniversite aras\u0131nda imzalanan protokol kapsam\u0131nda, Atat\u00fcrk Kongre Merkezi \u0130sa Bey Salonu\u2019nda E\u011fitim Fak\u00fcltesi \u00f6\u011frencilerine y\u00f6nelik Siber Su\u00e7lar ve Siber G\u00fcvenlik Konulu Seminer d\u00fczenlendi.  ;<\/p>\n<p>Moderat\u00f6rl\u00fc\u011f\u00fcn\u00fc \u00d6\u011fr. G\u00f6r. Z\u00fchal Mollao\u011fullar\u0131\u2019n\u0131n yapt\u0131\u011f\u0131 etkinlikte, konu\u015fmac\u0131 olarak Siber G\u00fcvenlik Uzman\u0131 Polis Memuru U\u011fur Bulut yer ald\u0131. \u00d6zellikle internet, sosyal medya ve telefon \u00fczerinden y\u00fcr\u00fct\u00fclen doland\u0131r\u0131c\u0131l\u0131k faaliyetleri ve bu faaliyetlere y\u00f6nelik al\u0131nacak \u00f6nlemler kat\u0131l\u0131mc\u0131lara aktar\u0131ld\u0131. Yasa d\u0131\u015f\u0131 bahis siteleri, kimlik doland\u0131r\u0131c\u0131l\u0131\u011f\u0131 konular\u0131nda \u00f6\u011frencilere dikkat etmeleri gereken hususlar hakk\u0131nda bilgi verildi. Seminer, soru-cevap b\u00f6l\u00fcm\u00fcn\u00fcn ard\u0131ndan te\u015fekk\u00fcr belgelerinin takdim edilmesi ile sona erdi.<br \/><\/p>\n","protected":false},"excerpt":{"rendered":"<p>Ayd\u0131n \u0130l Emniyet M\u00fcd\u00fcrl\u00fc\u011f\u00fc ve \u00fcniversite aras\u0131nda imzalanan protokol kapsam\u0131nda, Atat\u00fcrk Kongre Merkezi \u0130sa Bey Salonu\u2019nda E\u011fitim Fak\u00fcltesi \u00f6\u011frencilerine y\u00f6nelik Siber Su\u00e7lar ve Siber G\u00fcvenlik Konulu Seminer d\u00fczenlendi. ; Moderat\u00f6rl\u00fc\u011f\u00fcn\u00fc \u00d6\u011fr. G\u00f6r. Z\u00fchal Mollao\u011fullar\u0131\u2019n\u0131n yapt\u0131\u011f\u0131 etkinlikte, konu\u015fmac\u0131 olarak Siber G\u00fcvenlik Uzman\u0131 Polis Memuru U\u011fur Bulut yer ald\u0131. \u00d6zellikle internet, sosyal medya ve telefon \u00fczerinden y\u00fcr\u00fct\u00fclen&#8230;<\/p>\n","protected":false},"author":1,"featured_media":20580,"comment_status":"open","ping_status":"open","sticky":false,"template":"","format":"standard","meta":{"_crdt_document":"","footnotes":""},"categories":[1],"tags":[],"class_list":["post-20579","post","type-post","status-publish","format-standard","has-post-thumbnail","hentry","category-guncel"],"_links":{"self":[{"href":"https:\/\/www.egemtv.com\/index.php?rest_route=\/wp\/v2\/posts\/20579","targetHints":{"allow":["GET"]}}],"collection":[{"href":"https:\/\/www.egemtv.com\/index.php?rest_route=\/wp\/v2\/posts"}],"about":[{"href":"https:\/\/www.egemtv.com\/index.php?rest_route=\/wp\/v2\/types\/post"}],"author":[{"embeddable":true,"href":"https:\/\/www.egemtv.com\/index.php?rest_route=\/wp\/v2\/users\/1"}],"replies":[{"embeddable":true,"href":"https:\/\/www.egemtv.com\/index.php?rest_route=%2Fwp%2Fv2%2Fcomments&post=20579"}],"version-history":[{"count":1,"href":"https:\/\/www.egemtv.com\/index.php?rest_route=\/wp\/v2\/posts\/20579\/revisions"}],"predecessor-version":[{"id":20581,"href":"https:\/\/www.egemtv.com\/index.php?rest_route=\/wp\/v2\/posts\/20579\/revisions\/20581"}],"wp:featuredmedia":[{"embeddable":true,"href":"https:\/\/www.egemtv.com\/index.php?rest_route=\/wp\/v2\/media\/20580"}],"wp:attachment":[{"href":"https:\/\/www.egemtv.com\/index.php?rest_route=%2Fwp%2Fv2%2Fmedia&parent=20579"}],"wp:term":[{"taxonomy":"category","embeddable":true,"href":"https:\/\/www.egemtv.com\/index.php?rest_route=%2Fwp%2Fv2%2Fcategories&post=20579"},{"taxonomy":"post_tag","embeddable":true,"href":"https:\/\/www.egemtv.com\/index.php?rest_route=%2Fwp%2Fv2%2Ftags&post=20579"}],"curies":[{"name":"wp","href":"https:\/\/api.w.org\/{rel}","templated":true}]}}