{"id":20576,"date":"2025-02-19T15:45:03","date_gmt":"2025-02-19T12:45:03","guid":{"rendered":"https:\/\/www.egemtv.com\/?p=20576"},"modified":"2025-02-19T15:45:09","modified_gmt":"2025-02-19T12:45:09","slug":"kizilagac-pazar-yeri-calismasinin-ilk-etabi-tamamlandi","status":"publish","type":"post","link":"https:\/\/www.egemtv.com\/?p=20576","title":{"rendered":"K\u0131z\u0131la\u011fa\u00e7 Pazar Yeri \u00e7al\u0131\u015fmas\u0131n\u0131n ilk etab\u0131 tamamland\u0131"},"content":{"rendered":"<p>Bodrum Belediyesi taraf\u0131ndan K\u0131z\u0131la\u011fa\u00e7 Mahallesi\u2019nde yap\u0131m\u0131na ba\u015flanan kapal\u0131 pazar yerinin ilk etab\u0131 bitti.<\/p>\n<p>Proje kapsam\u0131nda, K\u0131z\u0131la\u011fa\u00e7 Mahallesi k\u00f6y i\u00e7i mevkiinde toplam 750 metrekarelik kapal\u0131 alanda pazar yeri in\u015fa ediliyor. 80 metre uzunlu\u011funda, 7 metre geni\u015fli\u011finde ve 6,5 metre y\u00fcksekli\u011finde tasarlanan kapal\u0131 pazar yerinin yap\u0131m\u0131nda 28 ton \u00e7elik ve sa\u00e7 kullan\u0131lmas\u0131 planlan\u0131yor.<\/p>\n<p>Kapal\u0131 pazar yerinin ikinci etap \u00e7al\u0131\u015fmalar\u0131 t\u00fcm h\u0131z\u0131yla devam ediyor. Belediye ekipleri, projeyi k\u0131sa s\u00fcrede tamamlayarak pazar yerini tam kapasiteyle hizmete a\u00e7may\u0131 hedefliyor.<\/p>\n<p>B\u00f6lge halk\u0131n\u0131n talebiyle yap\u0131m\u0131na ba\u015flanan kapal\u0131 pazar yeri, modern yap\u0131s\u0131yla hem esnafa hem de vatanda\u015flara daha konforlu bir al\u0131\u015fveri\u015f ortam\u0131 sunacak.<br \/><\/p>\n","protected":false},"excerpt":{"rendered":"<p>Bodrum Belediyesi taraf\u0131ndan K\u0131z\u0131la\u011fa\u00e7 Mahallesi\u2019nde yap\u0131m\u0131na ba\u015flanan kapal\u0131 pazar yerinin ilk etab\u0131 bitti. Proje kapsam\u0131nda, K\u0131z\u0131la\u011fa\u00e7 Mahallesi k\u00f6y i\u00e7i mevkiinde toplam 750 metrekarelik kapal\u0131 alanda pazar yeri in\u015fa ediliyor. 80 metre uzunlu\u011funda, 7 metre geni\u015fli\u011finde ve 6,5 metre y\u00fcksekli\u011finde tasarlanan kapal\u0131 pazar yerinin yap\u0131m\u0131nda 28 ton \u00e7elik ve sa\u00e7 kullan\u0131lmas\u0131 planlan\u0131yor. Kapal\u0131 pazar yerinin ikinci&#8230;<\/p>\n","protected":false},"author":1,"featured_media":20577,"comment_status":"open","ping_status":"open","sticky":false,"template":"","format":"standard","meta":{"_crdt_document":"","footnotes":""},"categories":[1],"tags":[],"class_list":["post-20576","post","type-post","status-publish","format-standard","has-post-thumbnail","hentry","category-guncel"],"_links":{"self":[{"href":"https:\/\/www.egemtv.com\/index.php?rest_route=\/wp\/v2\/posts\/20576","targetHints":{"allow":["GET"]}}],"collection":[{"href":"https:\/\/www.egemtv.com\/index.php?rest_route=\/wp\/v2\/posts"}],"about":[{"href":"https:\/\/www.egemtv.com\/index.php?rest_route=\/wp\/v2\/types\/post"}],"author":[{"embeddable":true,"href":"https:\/\/www.egemtv.com\/index.php?rest_route=\/wp\/v2\/users\/1"}],"replies":[{"embeddable":true,"href":"https:\/\/www.egemtv.com\/index.php?rest_route=%2Fwp%2Fv2%2Fcomments&post=20576"}],"version-history":[{"count":1,"href":"https:\/\/www.egemtv.com\/index.php?rest_route=\/wp\/v2\/posts\/20576\/revisions"}],"predecessor-version":[{"id":20578,"href":"https:\/\/www.egemtv.com\/index.php?rest_route=\/wp\/v2\/posts\/20576\/revisions\/20578"}],"wp:featuredmedia":[{"embeddable":true,"href":"https:\/\/www.egemtv.com\/index.php?rest_route=\/wp\/v2\/media\/20577"}],"wp:attachment":[{"href":"https:\/\/www.egemtv.com\/index.php?rest_route=%2Fwp%2Fv2%2Fmedia&parent=20576"}],"wp:term":[{"taxonomy":"category","embeddable":true,"href":"https:\/\/www.egemtv.com\/index.php?rest_route=%2Fwp%2Fv2%2Fcategories&post=20576"},{"taxonomy":"post_tag","embeddable":true,"href":"https:\/\/www.egemtv.com\/index.php?rest_route=%2Fwp%2Fv2%2Ftags&post=20576"}],"curies":[{"name":"wp","href":"https:\/\/api.w.org\/{rel}","templated":true}]}}