{"id":20573,"date":"2025-02-19T15:36:52","date_gmt":"2025-02-19T12:36:52","guid":{"rendered":"https:\/\/www.egemtv.com\/?p=20573"},"modified":"2025-02-19T15:36:58","modified_gmt":"2025-02-19T12:36:58","slug":"incirliovada-tarihi-hangar-restoranin-cehresi-yenileniyor","status":"publish","type":"post","link":"https:\/\/www.egemtv.com\/?p=20573","title":{"rendered":"\u0130ncirliova\u2019da Tarihi Hangar Restoran\u2019\u0131n \u00e7ehresi yenileniyor"},"content":{"rendered":"<p>\u0130ncirliova Belediyesi, Tarihi Hangar Kafe ve Restoran\u2019\u0131n bah\u00e7esinde ba\u015flatt\u0131\u011f\u0131 \u00e7evre d\u00fczenleme \u00e7al\u0131\u015fmas\u0131yla mek\u00e2na \u015f\u0131k bir g\u00f6r\u00fcn\u00fcm kazand\u0131r\u0131yor. Yap\u0131lan uygulama ile tarihi mekan\u0131n bah\u00e7esi daha \u015f\u0131k ve estetik bir g\u00f6r\u00fcn\u00fcme kavu\u015fuyor.<br \/>\n<br \/>\u0130ncirliova Belediyesi, vatanda\u015flar\u0131na daha kaliteli hizmet sunmak amac\u0131yla il\u00e7enin en sevilen ve \u00e7ok tercih edilen belediye i\u015fletmelerinden Tarihi Hangar Kafe ve Restoran\u2019\u0131n bah\u00e7esinde \u00e7evre d\u00fczenlemesi \u00e7al\u0131\u015fmalar\u0131na ba\u015flad\u0131. Yap\u0131lan \u00e7al\u0131\u015fmay\u0131 \u0130ncirliova Belediye Ba\u015fkan\u0131 Ba\u015fkan Kaya da yerinde inceledi. \u00c7al\u0131\u015fmalar tamamland\u0131\u011f\u0131nda, begonit ta\u015f d\u00f6\u015femesiyle bah\u00e7e daha \u015f\u0131k ve estetik hale gelecek. \u00d6zellikle yaz aylar\u0131nda yo\u011fun ilgi g\u00f6ren d\u0131\u015f mek\u00e2n, yeni \u00e7evre d\u00fczenlemesiyle vatanda\u015flara daha keyifli bir ortam sunacak.<br \/>\n<br \/>\u0130ncirliova Belediyesi taraf\u0131ndan restorasyon ve yenileme \u00e7al\u0131\u015fmalar\u0131 tamamlanarak 2022 A\u011fustos\u2019unda hizmete a\u00e7\u0131lan Tarihi Hangar Kafe ve Restoran a\u00e7\u0131ld\u0131\u011f\u0131 tarihten itibaren uygun fiyatl\u0131 ve zengin men\u00fcleri ile il\u00e7ede vatanda\u015flardan yo\u011fun ilgi g\u00f6rd\u00fc. Eskiden vatanda\u015flar\u0131n yan\u0131ndan ge\u00e7meye korktu\u011fu mezbelelik alan Ba\u015fkan Kaya \u00f6nc\u00fcl\u00fc\u011f\u00fcnde ger\u00e7ekle\u015fen \u00e7al\u0131\u015fma ile k\u0131sa s\u00fcrede il\u00e7enin en \u00e7ok tercih mekan\u0131 haline geldi. Yenilenen bah\u00e7esi ile daha da g\u00fczelle\u015fen tarihi mekan daha kaliteli hizmet vermeye devam edecek.<br \/>\n<br \/>Tarihi Hangar Kafe ve Restoran\u2019da devam eden \u00e7al\u0131\u015fmalar\u0131 yerinde inceleyen Ba\u015fkan Kaya, k\u0131sa s\u00fcre de tamamlanmas\u0131 beklenen \u00e7al\u0131\u015fmalarla ilgili olarak, &#8220;Tarihi Hangar Kafe ve Restoran\u0131m\u0131z\u0131n bah\u00e7esinde ger\u00e7ekle\u015ftirdi\u011fimiz \u00e7evre d\u00fczenlemesiyle bah\u00e7emiz daha \u015f\u0131k ve estetik bir g\u00f6r\u00fcn\u00fcme kavu\u015facak. Vatanda\u015flar\u0131m\u0131za \u00e7ok daha kaliteli ve konforlu hizmet sunmaya devam edece\u011fiz. Yenilenmi\u015f y\u00fcz\u00fc ile hizmet verecek olan tarihi mekan\u0131m\u0131z\u0131n bah\u00e7esinde hat\u0131r\u0131 k\u0131rk y\u0131ll\u0131k kahvemizi i\u00e7meye t\u00fcm vatanda\u015flar\u0131m\u0131z\u0131 bekliyorum&#8221; ifadelerini kulland\u0131.<br \/><\/p>\n","protected":false},"excerpt":{"rendered":"<p>\u0130ncirliova Belediyesi, Tarihi Hangar Kafe ve Restoran\u2019\u0131n bah\u00e7esinde ba\u015flatt\u0131\u011f\u0131 \u00e7evre d\u00fczenleme \u00e7al\u0131\u015fmas\u0131yla mek\u00e2na \u015f\u0131k bir g\u00f6r\u00fcn\u00fcm kazand\u0131r\u0131yor. Yap\u0131lan uygulama ile tarihi mekan\u0131n bah\u00e7esi daha \u015f\u0131k ve estetik bir g\u00f6r\u00fcn\u00fcme kavu\u015fuyor. \u0130ncirliova Belediyesi, vatanda\u015flar\u0131na daha kaliteli hizmet sunmak amac\u0131yla il\u00e7enin en sevilen ve \u00e7ok tercih edilen belediye i\u015fletmelerinden Tarihi Hangar Kafe ve Restoran\u2019\u0131n bah\u00e7esinde \u00e7evre d\u00fczenlemesi&#8230;<\/p>\n","protected":false},"author":1,"featured_media":20574,"comment_status":"open","ping_status":"open","sticky":false,"template":"","format":"standard","meta":{"_crdt_document":"","footnotes":""},"categories":[1],"tags":[],"class_list":["post-20573","post","type-post","status-publish","format-standard","has-post-thumbnail","hentry","category-guncel"],"_links":{"self":[{"href":"https:\/\/www.egemtv.com\/index.php?rest_route=\/wp\/v2\/posts\/20573","targetHints":{"allow":["GET"]}}],"collection":[{"href":"https:\/\/www.egemtv.com\/index.php?rest_route=\/wp\/v2\/posts"}],"about":[{"href":"https:\/\/www.egemtv.com\/index.php?rest_route=\/wp\/v2\/types\/post"}],"author":[{"embeddable":true,"href":"https:\/\/www.egemtv.com\/index.php?rest_route=\/wp\/v2\/users\/1"}],"replies":[{"embeddable":true,"href":"https:\/\/www.egemtv.com\/index.php?rest_route=%2Fwp%2Fv2%2Fcomments&post=20573"}],"version-history":[{"count":1,"href":"https:\/\/www.egemtv.com\/index.php?rest_route=\/wp\/v2\/posts\/20573\/revisions"}],"predecessor-version":[{"id":20575,"href":"https:\/\/www.egemtv.com\/index.php?rest_route=\/wp\/v2\/posts\/20573\/revisions\/20575"}],"wp:featuredmedia":[{"embeddable":true,"href":"https:\/\/www.egemtv.com\/index.php?rest_route=\/wp\/v2\/media\/20574"}],"wp:attachment":[{"href":"https:\/\/www.egemtv.com\/index.php?rest_route=%2Fwp%2Fv2%2Fmedia&parent=20573"}],"wp:term":[{"taxonomy":"category","embeddable":true,"href":"https:\/\/www.egemtv.com\/index.php?rest_route=%2Fwp%2Fv2%2Fcategories&post=20573"},{"taxonomy":"post_tag","embeddable":true,"href":"https:\/\/www.egemtv.com\/index.php?rest_route=%2Fwp%2Fv2%2Ftags&post=20573"}],"curies":[{"name":"wp","href":"https:\/\/api.w.org\/{rel}","templated":true}]}}