{"id":20570,"date":"2025-02-19T15:24:08","date_gmt":"2025-02-19T12:24:08","guid":{"rendered":"https:\/\/www.egemtv.com\/?p=20570"},"modified":"2025-02-19T15:24:14","modified_gmt":"2025-02-19T12:24:14","slug":"denizli-bilim-merkezinde-bilim-gunleri-basladi","status":"publish","type":"post","link":"https:\/\/www.egemtv.com\/?p=20570","title":{"rendered":"Denizli Bilim Merkezinde \u2018Bilim G\u00fcnleri\u2019 ba\u015flad\u0131"},"content":{"rendered":"<p>Denizli Bilim Merkezi ev sahipli\u011finde ger\u00e7ekle\u015ftirilen Bilim G\u00fcnleri, NASA\u2019da g\u00f6rev yapan astrofizik\u00e7i Dr. Umut Y\u0131ld\u0131z\u2019\u0131n &#8220;Evrende Ya\u015fam ve Zeka Aray\u0131\u015f\u0131&#8221; konulu konferans\u0131 ile ba\u015flad\u0131. A\u00e7\u0131l\u0131\u015f program\u0131nda gen\u00e7lere seslenen B\u00fcy\u00fck\u015fehir Belediye Ba\u015fkan\u0131 B\u00fclent Nuri \u00c7avu\u015fo\u011flu, &#8220;Bu \u00fclkenin gelece\u011fi sizlersiniz&#8221; dedi.<\/p>\n<p>Denizli B\u00fcy\u00fck\u015fehir Belediyesi b\u00fcnyesinde faaliyet g\u00f6steren ve kamu taraf\u0131ndan desteklenen b\u00fcy\u00fck \u00f6l\u00e7ekli bilim merkezlerinden biri olan Denizli Bilim Merkezi ev sahipli\u011finde d\u00fczenlenen \u2018Bilim G\u00fcnleri\u2019 ba\u015flad\u0131. Etkinli\u011fin ilk g\u00fcn\u00fcnde NASA\u2019da g\u00f6rev yapan astrofizik\u00e7i Dr. Umut Y\u0131ld\u0131z\u2019\u0131n &#8220;Evrende Ya\u015fam ve Zeka Aray\u0131\u015f\u0131&#8221; konulu konferans\u0131 ger\u00e7ekle\u015ftirildi. Nihat Zeybekci Kongre ve K\u00fclt\u00fcr Merkezi Mehmet Gazi Salonu\u2019nda ger\u00e7ekle\u015fen programa B\u00fcy\u00fck\u015fehir Belediye Ba\u015fkan\u0131 B\u00fclent Nuri \u00c7avu\u015fo\u011flu, Genel Sekreter B\u00fclent Bozba\u015f, Genel Sekreter Yard\u0131mc\u0131s\u0131 \u00d6zg\u00fcr Ba\u015fkurt, Anadolu ve Fen Lisesi \u00f6\u011frencileri ve \u00f6\u011fretmenler kat\u0131ld\u0131. Sayg\u0131 duru\u015funda bulunulup \u0130stiklal Mar\u015f\u0131\u2019n\u0131n okunmas\u0131n\u0131n ard\u0131ndan a\u00e7\u0131l\u0131\u015f konu\u015fmas\u0131 yapan Ba\u015fkan B\u00fclent Nuri \u00c7avu\u015fo\u011flu, Denizli\u2019de gen\u00e7lerin gelece\u011fe umutla bakmas\u0131 i\u00e7in gayret ettiklerini, hayallerini ger\u00e7ek k\u0131labilecekleri bir kent ve \u00fclke i\u00e7in \u00e7al\u0131\u015ft\u0131klar\u0131n\u0131 s\u00f6yledi.<\/p>\n<p>Ba\u015fkan \u00c7avu\u015fo\u011flu\u2019ndan gen\u00e7lere alt\u0131n de\u011ferinde tavsiyeler<br \/>\n<br \/>Ba\u015fkan \u00c7avu\u015fo\u011flu konu\u015fmas\u0131na \u015f\u00f6yle devam etti, &#8220;Gelecekle ilgili karamsar d\u00fc\u015f\u00fcnceleriniz olmas\u0131n. Umutlar\u0131n\u0131z\u0131n ye\u015ferebilece\u011fi, her \u015feye ula\u015fabilece\u011finiz bir hayat\u0131n\u0131z olsun. Biz bu anlamda elimizden gelenin daha fazlas\u0131n\u0131 yapmak i\u00e7in ba\u015fta e\u011fitim alan\u0131nda olmak \u00fczere sizlere g\u00fczel bir hayat, mutlu bir \u015fehir sunmak i\u00e7in m\u00fccadelemizi s\u00fcrd\u00fcr\u00fcyoruz ve s\u00fcrd\u00fcrmeye de devam edece\u011fimize emin olabilirsiniz. 14 ya\u015f\u0131mdan beri kararlar\u0131m\u0131 kendim al\u0131yorum. Siz de kararlar\u0131n\u0131z\u0131 kendiniz verin, gelece\u011finizi kendiniz kurun, sizler bu \u00fclkede en de\u011ferli bireylersiniz, bu \u00fclkenin gelece\u011fi sizlersiniz.&#8221; Konu\u015fman\u0131n ard\u0131ndan Ba\u015fkan \u00c7avu\u015fo\u011flu, Dr. Umut Y\u0131ld\u0131z\u2019a kat\u0131l\u0131mlar\u0131 nedeniyle g\u00fcn\u00fcn an\u0131s\u0131na plaket takdiminde bulundu.  Daha sonra NASA\u2019da g\u00f6rev yapan \u00fcnl\u00fc astrofizik\u00e7i Dr. Umut Y\u0131ld\u0131z, &#8220;Evrende Ya\u015fam ve Zeka Aray\u0131\u015f\u0131&#8221; ba\u015fl\u0131kl\u0131 sunumuyla \u00f6\u011frencilere evrenin gizemlerini anlatt\u0131.<\/p>\n<p>Bilim \u015f\u00f6leni t\u00fcm h\u0131z\u0131yla devam ediyor<br \/>\n<br \/>Etkinli\u011fin ikinci g\u00fcn\u00fcnde Prof. Dr. Fatma Ta\u015fk\u0131n Ekici, &#8220;21. Y\u00fczy\u0131lda Sistem Okuryazar\u0131 Olmak&#8221; konulu sunumuyla \u00f6\u011frencilerle bulu\u015ftu. Sunumun ard\u0131ndan  online bilgi yar\u0131\u015fmas\u0131 ve \u00f6d\u00fcl t\u00f6reni ger\u00e7ekle\u015ftirildi, ard\u0131ndan bilim at\u00f6lyeleriyle programa devam edildi. Son g\u00fcn etkinli\u011fi ise 20 \u015eubat Per\u015fembe g\u00fcn\u00fc, yine S1 Salonu\u2019nda saat 10.00\u2019da ba\u015flayacak. Prof. Dr. Muzaffer Adak, &#8220;Fizik, Teknoloji, End\u00fcstri X.O&#8221; konulu konu\u015fmas\u0131yla bilim ve teknolojinin gelece\u011fine dair \u00f6nemli bilgiler payla\u015facak. Bilgi yar\u0131\u015fmas\u0131 ve \u00f6d\u00fcl t\u00f6reninin ard\u0131ndan bilim at\u00f6lyeleri, planetaryum g\u00f6sterimi ve sergi ziyareti ile program sona erecek.<br \/><\/p>\n","protected":false},"excerpt":{"rendered":"<p>Denizli Bilim Merkezi ev sahipli\u011finde ger\u00e7ekle\u015ftirilen Bilim G\u00fcnleri, NASA\u2019da g\u00f6rev yapan astrofizik\u00e7i Dr. Umut Y\u0131ld\u0131z\u2019\u0131n &#8220;Evrende Ya\u015fam ve Zeka Aray\u0131\u015f\u0131&#8221; konulu konferans\u0131 ile ba\u015flad\u0131. A\u00e7\u0131l\u0131\u015f program\u0131nda gen\u00e7lere seslenen B\u00fcy\u00fck\u015fehir Belediye Ba\u015fkan\u0131 B\u00fclent Nuri \u00c7avu\u015fo\u011flu, &#8220;Bu \u00fclkenin gelece\u011fi sizlersiniz&#8221; dedi. Denizli B\u00fcy\u00fck\u015fehir Belediyesi b\u00fcnyesinde faaliyet g\u00f6steren ve kamu taraf\u0131ndan desteklenen b\u00fcy\u00fck \u00f6l\u00e7ekli bilim merkezlerinden biri olan&#8230;<\/p>\n","protected":false},"author":1,"featured_media":20571,"comment_status":"open","ping_status":"open","sticky":false,"template":"","format":"standard","meta":{"_crdt_document":"","footnotes":""},"categories":[124],"tags":[],"class_list":["post-20570","post","type-post","status-publish","format-standard","has-post-thumbnail","hentry","category-bilim"],"_links":{"self":[{"href":"https:\/\/www.egemtv.com\/index.php?rest_route=\/wp\/v2\/posts\/20570","targetHints":{"allow":["GET"]}}],"collection":[{"href":"https:\/\/www.egemtv.com\/index.php?rest_route=\/wp\/v2\/posts"}],"about":[{"href":"https:\/\/www.egemtv.com\/index.php?rest_route=\/wp\/v2\/types\/post"}],"author":[{"embeddable":true,"href":"https:\/\/www.egemtv.com\/index.php?rest_route=\/wp\/v2\/users\/1"}],"replies":[{"embeddable":true,"href":"https:\/\/www.egemtv.com\/index.php?rest_route=%2Fwp%2Fv2%2Fcomments&post=20570"}],"version-history":[{"count":1,"href":"https:\/\/www.egemtv.com\/index.php?rest_route=\/wp\/v2\/posts\/20570\/revisions"}],"predecessor-version":[{"id":20572,"href":"https:\/\/www.egemtv.com\/index.php?rest_route=\/wp\/v2\/posts\/20570\/revisions\/20572"}],"wp:featuredmedia":[{"embeddable":true,"href":"https:\/\/www.egemtv.com\/index.php?rest_route=\/wp\/v2\/media\/20571"}],"wp:attachment":[{"href":"https:\/\/www.egemtv.com\/index.php?rest_route=%2Fwp%2Fv2%2Fmedia&parent=20570"}],"wp:term":[{"taxonomy":"category","embeddable":true,"href":"https:\/\/www.egemtv.com\/index.php?rest_route=%2Fwp%2Fv2%2Fcategories&post=20570"},{"taxonomy":"post_tag","embeddable":true,"href":"https:\/\/www.egemtv.com\/index.php?rest_route=%2Fwp%2Fv2%2Ftags&post=20570"}],"curies":[{"name":"wp","href":"https:\/\/api.w.org\/{rel}","templated":true}]}}