{"id":20557,"date":"2025-02-19T15:16:20","date_gmt":"2025-02-19T12:16:20","guid":{"rendered":"https:\/\/www.egemtv.com\/?p=20557"},"modified":"2025-02-19T15:16:31","modified_gmt":"2025-02-19T12:16:31","slug":"emekli-emniyet-muduru-tkdknin-destegiyle-kendi-is-yerini-kurdu","status":"publish","type":"post","link":"https:\/\/www.egemtv.com\/?p=20557","title":{"rendered":"Emekli Emniyet M\u00fcd\u00fcr\u00fc, TKDK\u2019n\u0131n deste\u011fiyle kendi i\u015f yerini kurdu"},"content":{"rendered":"<p>Denizli\u2019de 42 y\u0131l Emniyet Te\u015fkilat\u0131nda g\u00f6rev yapan Mehmet Yal\u00e7\u0131nkaya Tar\u0131m ve K\u0131rsal Kalk\u0131nmay\u0131 Destekleme Kurumundan (TKDK) ald\u0131\u011f\u0131 yakla\u015f\u0131k 6 bu\u00e7uk Milyon TL destekle t\u0131bbi aromatik bitkiler i\u015fleme tesisi kurdu. Kurulan tesiste i\u015flenen \u00fcr\u00fcnler yurt d\u0131\u015f\u0131na ihra\u00e7 edilmeye haz\u0131rlan\u0131yor.<\/p>\n<p>Denizli\u2019nin \u00c7al \u0130l\u00e7esinde Tar\u0131m ve K\u0131rsal Kalk\u0131nmay\u0131 Destekleme Kurumunun (TKDK) destekleriyle t\u0131bbi aromatik bitkiler i\u015fleme tesisi kuruldu. Emekli Emniyet M\u00fcd\u00fcr\u00fc Mehmet Yal\u00e7\u0131nkaya ve  o\u011flu birlikte t\u0131bbi aromatik bitkiler i\u015fleme tesisi kurma karar\u0131 ald\u0131lar. Yapt\u0131klar\u0131 \u00e7al\u0131\u015fmalar sonucunda TKDK\u2019n\u0131n desteklerinden faydalanmak i\u00e7in ba\u015fvuruda bulanan i\u015fletme sahibi Yal\u00e7\u0131nkaya projenin tamamlanmas\u0131yla y\u00fczde 55\u2019lik hibe deste\u011fi ald\u0131. Projeyi yakla\u015f\u0131k 12 Milyon TL\u2019ye mal eden i\u015fletme sahibi yakla\u015f\u0131k 6 bu\u00e7uk milyon TL\u2019lik destek ald\u0131. 2 hafta \u00f6nce tam anlam\u0131yla faaliyete ge\u00e7en i\u015fletme \u00fcr\u00fcnlerini yurt d\u0131\u015f\u0131na ihra\u00e7 etmeyi hedefliyor. \u015euan kaliteli \u00fcr\u00fcn \u00e7\u0131karmak ve ihracatta Ph\u2019s\u0131z \u00fcr\u00fcnler istendi\u011fi i\u00e7in sadece i\u015fletme sahibinin tarlalar\u0131nda yeti\u015fen kekikler tesiste i\u015fleniyor. 1. S\u0131n\u0131f kekik ya\u011f\u0131 \u00e7\u0131kart\u0131ld\u0131\u011f\u0131, suyunun \u00e7\u0131kart\u0131ld\u0131\u011f\u0131 ve kekikleri kalibrelere ay\u0131ran i\u015fletme \u00f6n\u00fcm\u00fczdeki haftalarda ilk ihracat\u0131n\u0131 yapmaya haz\u0131rlan\u0131yor.<\/p>\n<p>&#8220;Yurt d\u0131\u015f\u0131nda elde etti\u011fimiz tecr\u00fcbelerle bu i\u015fletmeyi kurma karar\u0131 ald\u0131k&#8221;<br \/>\n<br \/>TKDK\u2019n\u0131n y\u00fczde 55 oran\u0131nda sa\u011flad\u0131\u011f\u0131 deste\u011fin i\u015fletmeyi kurarken b\u00fcy\u00fck cesaret verdi\u011fini belirten i\u015fletme sahibi Mehmet Yalc\u0131nkaya; &#8220;Ben 42 y\u0131l Emniyet Te\u015fkilat\u0131nda \u00e7al\u0131\u015ft\u0131m ve \u0130l Emniyet M\u00fcd\u00fcrl\u00fc\u011f\u00fc yapt\u0131m. O\u011flumun da yurt d\u0131\u015f\u0131nda \u00e7al\u0131\u015fmas\u0131yla elde etti\u011fi tecr\u00fcbeyle beraber bu tesisi kurma karar\u0131 ald\u0131k. Tesisimiz 2 hafta gibi bir s\u00fcredir faaliyete ge\u00e7ti. \u015euan sadece kendi tarlalar\u0131m\u0131zda 4 y\u0131ld\u0131r \u00fcreterek stok yapt\u0131\u011f\u0131m\u0131z \u00fcr\u00fcnleri i\u015fliyoruz. Kendi \u00fcr\u00fcnlerimiz kekiklerimizde yapt\u0131rd\u0131\u011f\u0131m\u0131z laboratuvar analizlerinde Ph\u2019s\u0131z \u00fcr\u00fcnler oldu\u011funu onaylatt\u0131k.  \u0130hracatta Avrupa\u2019n\u0131n hassas oldu oldu\u011fu husus \u00fcr\u00fcnlerde Ph\u2019\u0131n olmamas\u0131. Bizde buna dikkat ederek \u00fcr\u00fcnlerimizi se\u00e7iyoruz ve haz\u0131rl\u0131yoruz. Yurt d\u0131\u015f\u0131ndan ald\u0131\u011f\u0131m\u0131z sipari\u015f \u00fczerine haz\u0131rlad\u0131\u011f\u0131m\u0131z \u00fcr\u00fcnleri de 2 hafta i\u00e7erisinde ihra\u00e7 edece\u011fiz.  TKDK\u2019n\u0131n destekleriyle biz bu tesisimiz kurduk. TKDK\u2019dan y\u00fczde 55 destek ald\u0131k. 2 y\u0131l \u00f6nce ki maliyetlerle i\u015fletmenin bize maliyeti 12 milyon TL oldu ve bu maliyetin y\u00fczde 55\u2019ini TKDK destek olarak sa\u011flad\u0131. \u0130n\u015faat a\u00e7\u0131l\u0131\u015f s\u00fcreci bitti \u015fuanda da \u00e7al\u0131\u015fanlar\u0131m\u0131zla beraber tesisimizde \u00fcretim yapmaya ba\u015flad\u0131k&#8221; dedi.<\/p>\n<p>&#8220;Kekik \u00fcretiminin yo\u011fun oldu\u011fu Denizli\u2019de i\u015fleme tesisleriyle de \u00fcretime destek verilmeli&#8221;<br \/>\n<br \/>K\u0131rsal kalk\u0131nmay\u0131 g\u00fc\u00e7lendirdikleri ve k\u0131rsalda istihdam olu\u015fturmas\u0131na katk\u0131 sa\u011flamaktan memnuniyet duyduklar\u0131n\u0131 belirten  TKDK Denizli \u0130l koordinat\u00f6r\u00fc Bilal Ta\u015ftepe desteklemeler ile ilgili yapt\u0131\u011f\u0131 a\u00e7\u0131klamada, &#8220;Denizli kekik \u00fcretiminde d\u00fcnya birincisi. 200 bin dekarl\u0131k \u00fcretim alan\u0131yla T\u00fcrkiye\u2019deki \u00fcretimin y\u00fczde 90\u2019\u0131n\u0131 tek\u00e2m\u00fcl ediyor. D\u00fcnyan\u0131n kekik ihtiyac\u0131n\u0131n ise y\u00fczde 75\u2019ini tek ba\u015f\u0131na Denizli kar\u015f\u0131l\u0131yor.  Bu denli yo\u011fun \u00fcretimin oldu\u011fu yerin i\u015fleme tesisleriyle de desteklenmesi gerekiyor. TKDK olarak da \u00c7al il\u00e7emizin k\u0131rsal\u0131nda Kurulmu\u015f olan bu tesisimize hibe deste\u011fi verdik. K\u0131rsal alanda yat\u0131r\u0131m yapan ve burada kekikten \u00e7e\u015fitli \u00fcr\u00fcnler elde eden i\u015fletmemizi tebrik ediyoruz. Bu projemiz k\u0131rsal alanda hem katma de\u011ferli \u00fcr\u00fcn elde ediyor, hem istihdam sa\u011fl\u0131yor, hem de k\u0131rsal kalk\u0131nmada \u00f6nc\u00fcl\u00fck ediyor. TKDK Denizli Koordinat\u00f6rl\u00fc\u011f\u00fc olarak \u015fuana kadar Denizli\u2019de  y\u00fczlerce i\u015fletmeye destek verdik ve destek olmaya da devam edece\u011fiz&#8221; ifadelerini kulland\u0131.<br \/><\/p>\n","protected":false},"excerpt":{"rendered":"<p>Denizli\u2019de 42 y\u0131l Emniyet Te\u015fkilat\u0131nda g\u00f6rev yapan Mehmet Yal\u00e7\u0131nkaya Tar\u0131m ve K\u0131rsal Kalk\u0131nmay\u0131 Destekleme Kurumundan (TKDK) ald\u0131\u011f\u0131 yakla\u015f\u0131k 6 bu\u00e7uk Milyon TL destekle t\u0131bbi aromatik bitkiler i\u015fleme tesisi kurdu. Kurulan tesiste i\u015flenen \u00fcr\u00fcnler yurt d\u0131\u015f\u0131na ihra\u00e7 edilmeye haz\u0131rlan\u0131yor. Denizli\u2019nin \u00c7al \u0130l\u00e7esinde Tar\u0131m ve K\u0131rsal Kalk\u0131nmay\u0131 Destekleme Kurumunun (TKDK) destekleriyle t\u0131bbi aromatik bitkiler i\u015fleme tesisi kuruldu&#8230;.<\/p>\n","protected":false},"author":1,"featured_media":20560,"comment_status":"open","ping_status":"open","sticky":false,"template":"","format":"standard","meta":{"_crdt_document":"","footnotes":""},"categories":[125],"tags":[],"class_list":["post-20557","post","type-post","status-publish","format-standard","has-post-thumbnail","hentry","category-ekonomi"],"_links":{"self":[{"href":"https:\/\/www.egemtv.com\/index.php?rest_route=\/wp\/v2\/posts\/20557","targetHints":{"allow":["GET"]}}],"collection":[{"href":"https:\/\/www.egemtv.com\/index.php?rest_route=\/wp\/v2\/posts"}],"about":[{"href":"https:\/\/www.egemtv.com\/index.php?rest_route=\/wp\/v2\/types\/post"}],"author":[{"embeddable":true,"href":"https:\/\/www.egemtv.com\/index.php?rest_route=\/wp\/v2\/users\/1"}],"replies":[{"embeddable":true,"href":"https:\/\/www.egemtv.com\/index.php?rest_route=%2Fwp%2Fv2%2Fcomments&post=20557"}],"version-history":[{"count":1,"href":"https:\/\/www.egemtv.com\/index.php?rest_route=\/wp\/v2\/posts\/20557\/revisions"}],"predecessor-version":[{"id":20564,"href":"https:\/\/www.egemtv.com\/index.php?rest_route=\/wp\/v2\/posts\/20557\/revisions\/20564"}],"wp:featuredmedia":[{"embeddable":true,"href":"https:\/\/www.egemtv.com\/index.php?rest_route=\/wp\/v2\/media\/20560"}],"wp:attachment":[{"href":"https:\/\/www.egemtv.com\/index.php?rest_route=%2Fwp%2Fv2%2Fmedia&parent=20557"}],"wp:term":[{"taxonomy":"category","embeddable":true,"href":"https:\/\/www.egemtv.com\/index.php?rest_route=%2Fwp%2Fv2%2Fcategories&post=20557"},{"taxonomy":"post_tag","embeddable":true,"href":"https:\/\/www.egemtv.com\/index.php?rest_route=%2Fwp%2Fv2%2Ftags&post=20557"}],"curies":[{"name":"wp","href":"https:\/\/api.w.org\/{rel}","templated":true}]}}