{"id":20555,"date":"2025-02-19T15:16:10","date_gmt":"2025-02-19T12:16:10","guid":{"rendered":"https:\/\/www.egemtv.com\/?p=20555"},"modified":"2025-02-19T15:16:20","modified_gmt":"2025-02-19T12:16:20","slug":"nazilli-belediyesinden-yol-calismalarina-yogun-mesai","status":"publish","type":"post","link":"https:\/\/www.egemtv.com\/?p=20555","title":{"rendered":"Nazilli Belediyesi\u2019nden yol \u00e7al\u0131\u015fmalar\u0131na yo\u011fun mesai"},"content":{"rendered":"<p>Kentin en b\u00fcy\u00fck problemlerinden biri olan kullan\u0131\u015fs\u0131z yollar\u0131n yenilenmesi i\u00e7in 2025 y\u0131l\u0131 itibariyle \u00e7al\u0131\u015fmalar\u0131na h\u0131z veren Nazilli Belediyesi, Yeni Sanayi Mahallesi\u2019nde yol yenileme \u00e7al\u0131\u015fmalar\u0131na ba\u015flad\u0131.<\/p>\n<p>\u00c7al\u0131\u015fmalar kapsam\u0131nda Yeni Sanayi Mahallesi 935 Sokak\u2019taki eski toprak yolun stabilizesi yap\u0131larak parke ta\u015f\u0131 d\u00f6\u015feme i\u015flemlerine ba\u015flad\u0131.<br \/>\n<br \/>Nazilli Belediyesi\u2019nin hizmetlerinden duydu\u011fu memnuniyeti dile getiren Mahalle Muhtar\u0131 Osman Yal\u0131n; &#8220;Bu sokakta ge\u00e7mi\u015f y\u0131llarda bir \u00e7al\u0131\u015fma ba\u015flat\u0131lm\u0131\u015f ancak yolumuz yar\u0131m b\u0131rak\u0131lm\u0131\u015ft\u0131. Ba\u015fkan\u0131m\u0131z\u0131n mahallemizi ziyareti s\u0131ras\u0131nda kalan alan\u0131n da yap\u0131lmas\u0131 i\u00e7in talepte bulunduk. \u0130ste\u011fimiz h\u0131zla yerine getirildi ve mahallemizde Fen \u0130\u015fleri M\u00fcd\u00fcrl\u00fc\u011f\u00fc ekipleri \u00e7al\u0131\u015fmalara ba\u015flad\u0131. Taleplerimizin h\u0131zla yerine getirilmesi ve yollar\u0131m\u0131z\u0131n yap\u0131lmas\u0131ndan dolay\u0131 Yeni Sanayi Mahallesi olarak mutluyuz. \u015eahs\u0131m ve mahallem ad\u0131na ba\u015fta Belediye Ba\u015fkan\u0131m\u0131z Ertu\u011frul Tetik olmak \u00fczere t\u00fcm ekibine te\u015fekk\u00fcr ediyorum&#8221; dedi.<\/p>\n<p>Nazilli\u2019nin do\u011fusundan bat\u0131s\u0131na, kuzeyinden g\u00fcneyine her noktas\u0131na hizmet ula\u015ft\u0131rmak i\u00e7in \u00e7al\u0131\u015ft\u0131klar\u0131n\u0131 kaydeden Ba\u015fkan Tetik, yol yenileme faaliyetlerinin aral\u0131ks\u0131z s\u00fcrece\u011fini ifade etti.<br \/><\/p>\n","protected":false},"excerpt":{"rendered":"<p>Kentin en b\u00fcy\u00fck problemlerinden biri olan kullan\u0131\u015fs\u0131z yollar\u0131n yenilenmesi i\u00e7in 2025 y\u0131l\u0131 itibariyle \u00e7al\u0131\u015fmalar\u0131na h\u0131z veren Nazilli Belediyesi, Yeni Sanayi Mahallesi\u2019nde yol yenileme \u00e7al\u0131\u015fmalar\u0131na ba\u015flad\u0131. \u00c7al\u0131\u015fmalar kapsam\u0131nda Yeni Sanayi Mahallesi 935 Sokak\u2019taki eski toprak yolun stabilizesi yap\u0131larak parke ta\u015f\u0131 d\u00f6\u015feme i\u015flemlerine ba\u015flad\u0131. Nazilli Belediyesi\u2019nin hizmetlerinden duydu\u011fu memnuniyeti dile getiren Mahalle Muhtar\u0131 Osman Yal\u0131n; &#8220;Bu sokakta&#8230;<\/p>\n","protected":false},"author":1,"featured_media":20556,"comment_status":"open","ping_status":"open","sticky":false,"template":"","format":"standard","meta":{"_crdt_document":"","footnotes":""},"categories":[1],"tags":[],"class_list":["post-20555","post","type-post","status-publish","format-standard","has-post-thumbnail","hentry","category-guncel"],"_links":{"self":[{"href":"https:\/\/www.egemtv.com\/index.php?rest_route=\/wp\/v2\/posts\/20555","targetHints":{"allow":["GET"]}}],"collection":[{"href":"https:\/\/www.egemtv.com\/index.php?rest_route=\/wp\/v2\/posts"}],"about":[{"href":"https:\/\/www.egemtv.com\/index.php?rest_route=\/wp\/v2\/types\/post"}],"author":[{"embeddable":true,"href":"https:\/\/www.egemtv.com\/index.php?rest_route=\/wp\/v2\/users\/1"}],"replies":[{"embeddable":true,"href":"https:\/\/www.egemtv.com\/index.php?rest_route=%2Fwp%2Fv2%2Fcomments&post=20555"}],"version-history":[{"count":1,"href":"https:\/\/www.egemtv.com\/index.php?rest_route=\/wp\/v2\/posts\/20555\/revisions"}],"predecessor-version":[{"id":20558,"href":"https:\/\/www.egemtv.com\/index.php?rest_route=\/wp\/v2\/posts\/20555\/revisions\/20558"}],"wp:featuredmedia":[{"embeddable":true,"href":"https:\/\/www.egemtv.com\/index.php?rest_route=\/wp\/v2\/media\/20556"}],"wp:attachment":[{"href":"https:\/\/www.egemtv.com\/index.php?rest_route=%2Fwp%2Fv2%2Fmedia&parent=20555"}],"wp:term":[{"taxonomy":"category","embeddable":true,"href":"https:\/\/www.egemtv.com\/index.php?rest_route=%2Fwp%2Fv2%2Fcategories&post=20555"},{"taxonomy":"post_tag","embeddable":true,"href":"https:\/\/www.egemtv.com\/index.php?rest_route=%2Fwp%2Fv2%2Ftags&post=20555"}],"curies":[{"name":"wp","href":"https:\/\/api.w.org\/{rel}","templated":true}]}}