{"id":20552,"date":"2025-02-19T14:57:35","date_gmt":"2025-02-19T11:57:35","guid":{"rendered":"https:\/\/www.egemtv.com\/?p=20552"},"modified":"2025-02-19T14:57:40","modified_gmt":"2025-02-19T11:57:40","slug":"sehit-aileleri-ve-gazileri-bulusturan-ziyaret","status":"publish","type":"post","link":"https:\/\/www.egemtv.com\/?p=20552","title":{"rendered":"\u015eehit aileleri ve gazileri bulu\u015fturan ziyaret"},"content":{"rendered":"<p>T\u00fcrkiye Harp Malul\u00fc Gaziler, \u015eehit Dul ve Yetimler Derne\u011fi Manisa \u015eube Ba\u015fkan\u0131 Gazi Yusuf K\u0131y\u0131\u015fkan, Turgutlu \u0130rtibat B\u00fcrosunda d\u00fczenledi\u011fi toplant\u0131da Turgutlulu \u015fehit aileleri ve gazilerle bir araya geldi. Ba\u015fkan K\u0131y\u0131\u015fkan, derne\u011fe daha \u00f6nce \u00fcye olmayan yakla\u015f\u0131k 15 \u015fehit ailesi ve gazi de \u00fcyelik ba\u015fvurusunda bulunarak ailenin bir par\u00e7as\u0131 olmak istedi\u011fini belirtti.<br \/>\n<br \/>T\u00fcrkiye Harp Malul\u00fc Gaziler, \u015eehit Dul ve Yetimler Derne\u011fi Manisa \u015eube Ba\u015fkan\u0131 Gazi Yusuf K\u0131y\u0131\u015fkan, Turgutlu ziyaretinde \u015fehit aileleri ve gazilere y\u00f6nelik yap\u0131lan \u00e7al\u0131\u015fma ve projeler hakk\u0131nda bilgilendirmede bulunarak, \u015fehit yak\u0131nlar\u0131 ve gazilerin talepleri ve \u00f6nerileri dinlendi, \u00e7\u00f6z\u00fcm noktas\u0131nda g\u00f6r\u00fc\u015f al\u0131\u015fveri\u015finde bulunuldu.<br \/>\n<br \/>Dernek Ba\u015fkan\u0131 Gazi Yusuf K\u0131y\u0131\u015fkan, \u015fehitlerin ve gazilerin hat\u0131ralar\u0131n\u0131 ya\u015fatmak ad\u0131na elinden gelen t\u00fcm gayreti ve \u00e7abay\u0131 g\u00f6sterece\u011fini belirterek, &#8220;Sizlerle b\u00f6yle k\u0131ymetli bir ailenin \u00fcyesi olmaktan b\u00fcy\u00fck onur ve mutluluk duymaktay\u0131m. Aziz \u015fehitlerimizin ve kahraman gazilerimizin hat\u0131ralar\u0131n\u0131 her zaman ya\u015fatmak i\u00e7in sizinle birlikte var g\u00fcc\u00fcmle \u00e7al\u0131\u015faca\u011f\u0131m. Biz \u00e7ok \u00f6zel ve k\u0131ymetli bir aileyiz. Her daim bir arada, bir b\u00fct\u00fcn olarak bulunmal\u0131y\u0131z. Vatan\u0131m\u0131z\u0131n birlik ve b\u00fct\u00fcnl\u00fc\u011f\u00fc i\u00e7in, toplumumuzun \u00e7imentosu olan aziz \u015fehitlerimizin ve gazilerimizin hat\u0131ralar\u0131n\u0131 milletimize anlatmal\u0131y\u0131z,&#8221; dedi.<br \/>\n<br \/>Ba\u015fkan K\u0131y\u0131\u015fkan, konu\u015fmas\u0131nda, dernek \u00fcyelerinin ve \u015fehit ailelerinin de\u011ferlerinin korunmas\u0131na dikkat edilmesi gerekti\u011finin alt\u0131n\u0131 \u00e7izerek, &#8220;Hepimiz derne\u011fimiz \u00e7at\u0131s\u0131 alt\u0131nda bu maneviyata hizmet etmeliyiz. Unutmayal\u0131m ki, bizi en iyi bizler anlar\u0131z. \u015eehit ailesin evlad\u0131n\u0131n ac\u0131s\u0131n\u0131n bir an bile dinmedi\u011fini ancak bir \u015fehit ailesi anlar. Bir gazinin protez olan aya\u011f\u0131n\u0131n \u015fi\u015fip proteze girmedi\u011fi g\u00fcnleri ya\u015fad\u0131klar\u0131 sa\u011fl\u0131k sorunlar\u0131n\u0131 yine ayn\u0131 ac\u0131y\u0131 \u00e7eken gaziler anlar,&#8221; \u015feklinde konu\u015ftu.<br \/>\n<br \/>Ba\u015fkan K\u0131y\u0131\u015fkan s\u00f6zlerine \u015fu \u015fekilde devam etti: &#8220;Unutmayarak ve unutturmayarak, \u00fclkemizin birlik ve b\u00fct\u00fcnl\u00fc\u011f\u00fc i\u00e7in, sevdiklerinden ve canlar\u0131ndan vazge\u00e7en aziz \u015fehitlerimizin oldu\u011funu ve kahraman gazilerimizin oldu\u011funu hat\u0131rlatmal\u0131 ve \u00fczerimize d\u00fc\u015fen g\u00f6revleri en g\u00fczel \u015fekilde yerine getirmeliyiz. Bug\u00fcn gazi olduysak, \u00fclkemize, vatan\u0131m\u0131za hizmetten geri durmamal\u0131y\u0131z. \u015eehit ailesi olduysak, aziz \u015fehitlerimizin bizlere emanet etti\u011fi vatan\u0131m\u0131za hizmet etmeye devam etmeliyiz.&#8221;<br \/>\n<br \/>Toplant\u0131n\u0131n sonunda Ba\u015fkan Gazi Yusuf K\u0131y\u0131\u015fkan, kat\u0131l\u0131mlar\u0131ndan dolay\u0131 herkese te\u015fekk\u00fcr ederek, &#8220;Kendimi \u00e7ok \u015fansl\u0131 hissediyorum, sizin gibi onurlu ve g\u00fczel bir aileye sahip oldu\u011fum i\u00e7in. Allah, birlik ve beraberli\u011fimize zeval vermesin. Allah\u2019\u0131n izniyle hep birlikte vatan\u0131m\u0131za ve milletimize hizmet etmeye devam edece\u011fiz, ta ki son nefesimize kadar.&#8221; diyerek konu\u015fmas\u0131n\u0131 sonland\u0131rd\u0131.<br \/><\/p>\n","protected":false},"excerpt":{"rendered":"<p>T\u00fcrkiye Harp Malul\u00fc Gaziler, \u015eehit Dul ve Yetimler Derne\u011fi Manisa \u015eube Ba\u015fkan\u0131 Gazi Yusuf K\u0131y\u0131\u015fkan, Turgutlu \u0130rtibat B\u00fcrosunda d\u00fczenledi\u011fi toplant\u0131da Turgutlulu \u015fehit aileleri ve gazilerle bir araya geldi. Ba\u015fkan K\u0131y\u0131\u015fkan, derne\u011fe daha \u00f6nce \u00fcye olmayan yakla\u015f\u0131k 15 \u015fehit ailesi ve gazi de \u00fcyelik ba\u015fvurusunda bulunarak ailenin bir par\u00e7as\u0131 olmak istedi\u011fini belirtti. T\u00fcrkiye Harp Malul\u00fc Gaziler,&#8230;<\/p>\n","protected":false},"author":1,"featured_media":20553,"comment_status":"open","ping_status":"open","sticky":false,"template":"","format":"standard","meta":{"_crdt_document":"","footnotes":""},"categories":[123],"tags":[],"class_list":["post-20552","post","type-post","status-publish","format-standard","has-post-thumbnail","hentry","category-gundem"],"_links":{"self":[{"href":"https:\/\/www.egemtv.com\/index.php?rest_route=\/wp\/v2\/posts\/20552","targetHints":{"allow":["GET"]}}],"collection":[{"href":"https:\/\/www.egemtv.com\/index.php?rest_route=\/wp\/v2\/posts"}],"about":[{"href":"https:\/\/www.egemtv.com\/index.php?rest_route=\/wp\/v2\/types\/post"}],"author":[{"embeddable":true,"href":"https:\/\/www.egemtv.com\/index.php?rest_route=\/wp\/v2\/users\/1"}],"replies":[{"embeddable":true,"href":"https:\/\/www.egemtv.com\/index.php?rest_route=%2Fwp%2Fv2%2Fcomments&post=20552"}],"version-history":[{"count":1,"href":"https:\/\/www.egemtv.com\/index.php?rest_route=\/wp\/v2\/posts\/20552\/revisions"}],"predecessor-version":[{"id":20554,"href":"https:\/\/www.egemtv.com\/index.php?rest_route=\/wp\/v2\/posts\/20552\/revisions\/20554"}],"wp:featuredmedia":[{"embeddable":true,"href":"https:\/\/www.egemtv.com\/index.php?rest_route=\/wp\/v2\/media\/20553"}],"wp:attachment":[{"href":"https:\/\/www.egemtv.com\/index.php?rest_route=%2Fwp%2Fv2%2Fmedia&parent=20552"}],"wp:term":[{"taxonomy":"category","embeddable":true,"href":"https:\/\/www.egemtv.com\/index.php?rest_route=%2Fwp%2Fv2%2Fcategories&post=20552"},{"taxonomy":"post_tag","embeddable":true,"href":"https:\/\/www.egemtv.com\/index.php?rest_route=%2Fwp%2Fv2%2Ftags&post=20552"}],"curies":[{"name":"wp","href":"https:\/\/api.w.org\/{rel}","templated":true}]}}