{"id":20549,"date":"2025-02-19T14:57:29","date_gmt":"2025-02-19T11:57:29","guid":{"rendered":"https:\/\/www.egemtv.com\/?p=20549"},"modified":"2025-02-19T14:57:34","modified_gmt":"2025-02-19T11:57:34","slug":"buyuksehir-sporcusu-masa-tenisinde-dunya-dordunculugune-yukseldi","status":"publish","type":"post","link":"https:\/\/www.egemtv.com\/?p=20549","title":{"rendered":"B\u00fcy\u00fck\u015fehir Sporcusu Masa Tenisi\u2019nde d\u00fcnya d\u00f6rd\u00fcnc\u00fcl\u00fc\u011f\u00fcne y\u00fckseldi"},"content":{"rendered":"<p>Mu\u011fla B\u00fcy\u00fck\u015fehir Belediyesi Masa Tenisi sporcusu Aybige Feride \u00dcst\u00fcnda\u011f WTT Gen\u00e7ler Kapadokya 2025 Turnuvas\u0131\u2019nda U11\u2019de birinci olarak d\u00fcnya d\u00f6rd\u00fcnc\u00fcl\u00fc\u011f\u00fcne y\u00fckseldi ve Mu\u011fla\u2019ya b\u00fcy\u00fck bir gurur ya\u015fatt\u0131.<\/p>\n<p>Uluslararas\u0131 Masa Tenisi Federasyonu\u2019nun (ITTF) 2025 faaliyet program\u0131nda yer alan WTT Gen\u00e7ler Kapadokya Turnuvas\u0131, Nev\u015fehir\u2019de d\u00fczenlendi. 50 \u00fclkeden 350 sporcunun kat\u0131ld\u0131\u011f\u0131 turnuvada Mu\u011fla B\u00fcy\u00fck\u015fehir Belediyesi Masa Tenisi Sporcusu Aybige Feride \u00dcst\u00fcnda\u011f U11 K\u0131zlarda birinci oldu. Aybige Feride \u00dcst\u00fcnda\u011f bu ba\u015far\u0131s\u0131 ile puan\u0131n\u0131 57\u2019ye y\u00fckseltti ve D\u00fcnya d\u00f6rd\u00fcnc\u00fcs\u00fc olarak b\u00fcy\u00fck bir ba\u015far\u0131ya imza att\u0131.<\/p>\n<p>Uluslararas\u0131 Masa Tenisi Federasyonu\u2019nun 2025 y\u0131l\u0131 faaliyet program\u0131nda yer alan WTT (World Table Tennis) Youth Contender (Gen\u00e7 Yetenekler) Kapadokya Uluslararas\u0131 Turnuva Nev\u015fehir\u2019de d\u00fczenlendi. Turnuvada, tek erkekler ve tek kad\u0131nlar kategorilerinde ger\u00e7ekle\u015ftirilen grup ma\u00e7lar\u0131nda, sporcular \u00fcst\u00fcn performanslar\u0131n\u0131 sergileyerek eleme a\u015famalar\u0131na y\u00fckselmeye hak kazand\u0131. Y\u00fcksek rekabetin ya\u015fand\u0131\u011f\u0131 ma\u00e7larda, hem teknik hem de stratejik beceriler \u00f6n plana \u00e7\u0131kt\u0131.<\/p>\n<p>\u00dcst\u00fcnda\u011f d\u00fcnya d\u00f6rd\u00fcnc\u00fcs\u00fc oldu<br \/>\n<br \/>WTT Gen\u00e7ler Kapadokya 2025 Turnuvas\u0131\u2019nda Mu\u011fla B\u00fcy\u00fck\u015fehir Belediyesi Spor Kul\u00fcb\u00fc sporcusu Aybige Feride \u00dcst\u00fcnda\u011f U11 Tek K\u0131zlarda 1.li\u011fi ile puan\u0131n\u0131 57\u2019ye y\u00fckselterek ITTF U11 K\u0131zlar D\u00fcnya s\u0131ralamas\u0131nda 4.s\u0131raya yerle\u015fti. Aybige Feride \u00dcst\u00fcnda\u011f daha \u00f6nce de Sivas\u2019ta d\u00fczenlenen se\u00e7melerde U11 kategorisinde 208 sporcu aras\u0131nda ve Amasya En \u0130yi 16\u2019lar yar\u0131\u015fmas\u0131nda T\u00fcrkiye \u015eampiyonu olmu\u015ftu.<\/p>\n<p>Ba\u015fkan Aras: &#8220;Aybige k\u0131z\u0131m\u0131zla gurur duyuyorum&#8221;<br \/>\n<br \/>K\u0131y\u0131 Ege Belediyeler Birli\u011fi ve Mu\u011fla B\u00fcy\u00fck\u015fehir Belediye Ba\u015fkan\u0131 Ahmet Aras Kapadokya\u2019da d\u00fczenlenen ve 50 \u00fclkeden 350 sporcunun kat\u0131ld\u0131\u011f\u0131 Turnuvada elde etti\u011fi ba\u015far\u0131yla D\u00fcnya d\u00f6rd\u00fcnc\u00fcl\u00fc\u011f\u00fcne y\u00fckselen B\u00fcy\u00fck\u015fehir Belediyesi sporcusu Aybige Feride \u00dcst\u00fcnda\u011f ve antren\u00f6r\u00fcn\u00fc kutlad\u0131.<\/p>\n<p>Ba\u015fkan Aras, &#8220;Mu\u011fla B\u00fcy\u00fck\u015fehir Belediyemiz b\u00fcnyesinde faaliyetlerine devam eden sporcular\u0131m\u0131z bizleri gururland\u0131rmaya, ulusal ve uluslararas\u0131 turnuvalarda b\u00fcy\u00fck ba\u015far\u0131lar elde etmeye devam ediyor. Masa tenisi sporcumuz Aybige\u2019de Kapadokya d\u00fczenlenen turnuvada elde etti\u011fi ba\u015far\u0131larla d\u00fcnya d\u00f6rd\u00fcnc\u00fcl\u00fc\u011f\u00fcne y\u00fckseldi ve bizleri gururland\u0131rd\u0131. Bu ba\u015far\u0131da eme\u011fi olan ba\u015fta masa tenisi antren\u00f6r\u00fcm\u00fcz Hale Bal\u0131m \u00dcst\u00fcnda\u011f olmak \u00fczere t\u00fcm ekibimizi, Aybige evlad\u0131m\u0131z\u0131 kutluyorum. B\u00fcy\u00fck\u015fehir Belediyesi olarak spora ve sporcular\u0131m\u0131za deste\u011fimizi s\u00fcrd\u00fcrece\u011fiz. Sporcular\u0131m\u0131z elde ettikleri ba\u015far\u0131larla Mu\u011flam\u0131z\u0131, \u00fclkemizi gururland\u0131rmaya, kendilerini geli\u015ftirmeye, fikri, irfan\u0131, vicdan\u0131 h\u00fcr nesiller olarak \u00f6rnek olmaya devam edecek&#8221; dedi.<br \/><\/p>\n","protected":false},"excerpt":{"rendered":"<p>Mu\u011fla B\u00fcy\u00fck\u015fehir Belediyesi Masa Tenisi sporcusu Aybige Feride \u00dcst\u00fcnda\u011f WTT Gen\u00e7ler Kapadokya 2025 Turnuvas\u0131\u2019nda U11\u2019de birinci olarak d\u00fcnya d\u00f6rd\u00fcnc\u00fcl\u00fc\u011f\u00fcne y\u00fckseldi ve Mu\u011fla\u2019ya b\u00fcy\u00fck bir gurur ya\u015fatt\u0131. Uluslararas\u0131 Masa Tenisi Federasyonu\u2019nun (ITTF) 2025 faaliyet program\u0131nda yer alan WTT Gen\u00e7ler Kapadokya Turnuvas\u0131, Nev\u015fehir\u2019de d\u00fczenlendi. 50 \u00fclkeden 350 sporcunun kat\u0131ld\u0131\u011f\u0131 turnuvada Mu\u011fla B\u00fcy\u00fck\u015fehir Belediyesi Masa Tenisi Sporcusu Aybige&#8230;<\/p>\n","protected":false},"author":1,"featured_media":20550,"comment_status":"open","ping_status":"open","sticky":false,"template":"","format":"standard","meta":{"_crdt_document":"","footnotes":""},"categories":[1],"tags":[],"class_list":["post-20549","post","type-post","status-publish","format-standard","has-post-thumbnail","hentry","category-guncel"],"_links":{"self":[{"href":"https:\/\/www.egemtv.com\/index.php?rest_route=\/wp\/v2\/posts\/20549","targetHints":{"allow":["GET"]}}],"collection":[{"href":"https:\/\/www.egemtv.com\/index.php?rest_route=\/wp\/v2\/posts"}],"about":[{"href":"https:\/\/www.egemtv.com\/index.php?rest_route=\/wp\/v2\/types\/post"}],"author":[{"embeddable":true,"href":"https:\/\/www.egemtv.com\/index.php?rest_route=\/wp\/v2\/users\/1"}],"replies":[{"embeddable":true,"href":"https:\/\/www.egemtv.com\/index.php?rest_route=%2Fwp%2Fv2%2Fcomments&post=20549"}],"version-history":[{"count":1,"href":"https:\/\/www.egemtv.com\/index.php?rest_route=\/wp\/v2\/posts\/20549\/revisions"}],"predecessor-version":[{"id":20551,"href":"https:\/\/www.egemtv.com\/index.php?rest_route=\/wp\/v2\/posts\/20549\/revisions\/20551"}],"wp:featuredmedia":[{"embeddable":true,"href":"https:\/\/www.egemtv.com\/index.php?rest_route=\/wp\/v2\/media\/20550"}],"wp:attachment":[{"href":"https:\/\/www.egemtv.com\/index.php?rest_route=%2Fwp%2Fv2%2Fmedia&parent=20549"}],"wp:term":[{"taxonomy":"category","embeddable":true,"href":"https:\/\/www.egemtv.com\/index.php?rest_route=%2Fwp%2Fv2%2Fcategories&post=20549"},{"taxonomy":"post_tag","embeddable":true,"href":"https:\/\/www.egemtv.com\/index.php?rest_route=%2Fwp%2Fv2%2Ftags&post=20549"}],"curies":[{"name":"wp","href":"https:\/\/api.w.org\/{rel}","templated":true}]}}