{"id":20546,"date":"2025-02-19T14:47:50","date_gmt":"2025-02-19T11:47:50","guid":{"rendered":"https:\/\/www.egemtv.com\/?p=20546"},"modified":"2025-02-19T14:47:54","modified_gmt":"2025-02-19T11:47:54","slug":"ehliyetsiz-surucunun-olume-neden-oldugu-kazada-karara-musteki-yakinlari-tepki-gosterdi","status":"publish","type":"post","link":"https:\/\/www.egemtv.com\/?p=20546","title":{"rendered":"Ehliyetsiz s\u00fcr\u00fcc\u00fcn\u00fcn \u00f6l\u00fcme neden oldu\u011fu kazada, karara m\u00fc\u015fteki yak\u0131nlar\u0131 tepki g\u00f6sterdi"},"content":{"rendered":"<p>Afyonkarahisar\u2019da ehliyetsiz olarak kulland\u0131\u011f\u0131 pikapla \u00e7arpt\u0131\u011f\u0131 otomobilde bir ki\u015finin \u00f6l\u00fcm\u00fcne neden olan s\u00fcr\u00fcc\u00fcn\u00fcn yarg\u0131land\u0131\u011f\u0131 davada karar \u00e7\u0131kt\u0131. Yarg\u0131lanan san\u0131\u011fa mahkeme 1 y\u0131l 1 ay 10 g\u00fcn hapis cezas\u0131 verilirken hayat\u0131n\u0131 kaybeden \u015fahs\u0131n yak\u0131nlar\u0131 ise duruma tepki g\u00f6sterip karar\u0131 bir \u00fcst mahkemeye g\u00f6t\u00fcreceklerini belirtti.<br \/>\n<br \/>Olay, ge\u00e7ti\u011fimiz 2023 y\u0131l\u0131 Temmuz ay\u0131nda meydana geldi. 2. K\u00fc\u00e7\u00fck Sanayi Sitesinde meydana gelen olayda o d\u00f6nem 16 ya\u015f\u0131nda olan ehliyetsiz M.C.\u015e., idaresindeki 06 PMZ 09  plakal\u0131 pikap Yunus \u00c7\u0131nar isimli kaporta ustas\u0131n\u0131n kulland\u0131\u011f\u0131 MOD PT 20 yabanc\u0131 plakal\u0131 hafif ticari araca \u00e7arpt\u0131. \u00c7arpman\u0131n etkisi ile savrulan hafif ticari ara\u00e7 yan yat\u0131p park halindeki 03 ADK 092 plakal\u0131 otomobile \u00e7arparak durabildi. Olay sonras\u0131 hastaneye kald\u0131r\u0131lan \u00c7\u0131nar yap\u0131lan m\u00fcdahale eden ben kurtar\u0131lamayarak ya\u015fam\u0131n\u0131 yitirdi.<br \/>\n<br \/>Olay sonras\u0131 ka\u00e7an M.C.S., ise polisin yapt\u0131\u011f\u0131 \u00e7al\u0131\u015fma sonras\u0131 yakaland\u0131. Olay\u0131n ard\u0131ndan \u015fah\u0131s hakk\u0131nda 4. Asliye Ceza Mahkemesi\u2019nde a\u00e7\u0131lan davada 11 \u015eubat\u2019ta g\u00f6r\u00fclen duru\u015fma sonras\u0131 karar \u00e7\u0131kt\u0131. Duru\u015fmaya tutuksuz san\u0131k M.C.\u015e. kat\u0131lmazken, taraf avukatlar\u0131 ile kazada hayat\u0131n\u0131 kaybeden Yunus \u00c7\u0131nar\u2019\u0131n e\u015fi Sema \u00c7\u0131nar haz\u0131r bulundu.<br \/>\n<br \/>Karar duru\u015fmas\u0131nda, san\u0131\u011fa verilen 2 y\u0131l hapis cezas\u0131, cezan\u0131n san\u0131\u011f\u0131n gelece\u011fi \u00fczerindeki muhtemel etkileri g\u00f6z \u00f6n\u00fcne al\u0131narak 1 y\u0131l 1 ay 10 g\u00fcne d\u00fc\u015f\u00fcr\u00fcld\u00fc.<br \/>\n<br \/>H\u00fckm\u00fcn a\u00e7\u0131klanmas\u0131n\u0131n geri b\u0131rak\u0131lmas\u0131na, san\u0131\u011f\u0131n 3 y\u0131l s\u00fcreli denetime tabi tutulmas\u0131na karar verildi.<br \/>\n<br \/>Verilen ceza sonras\u0131 karara tepki g\u00f6steren m\u00fc\u015fteki yak\u0131nlar\u0131 olay\u0131 bir \u00fcst mahkemeye ta\u015f\u0131maya haz\u0131rlan\u0131yor.<br \/><\/p>\n","protected":false},"excerpt":{"rendered":"<p>Afyonkarahisar\u2019da ehliyetsiz olarak kulland\u0131\u011f\u0131 pikapla \u00e7arpt\u0131\u011f\u0131 otomobilde bir ki\u015finin \u00f6l\u00fcm\u00fcne neden olan s\u00fcr\u00fcc\u00fcn\u00fcn yarg\u0131land\u0131\u011f\u0131 davada karar \u00e7\u0131kt\u0131. Yarg\u0131lanan san\u0131\u011fa mahkeme 1 y\u0131l 1 ay 10 g\u00fcn hapis cezas\u0131 verilirken hayat\u0131n\u0131 kaybeden \u015fahs\u0131n yak\u0131nlar\u0131 ise duruma tepki g\u00f6sterip karar\u0131 bir \u00fcst mahkemeye g\u00f6t\u00fcreceklerini belirtti. Olay, ge\u00e7ti\u011fimiz 2023 y\u0131l\u0131 Temmuz ay\u0131nda meydana geldi. 2. K\u00fc\u00e7\u00fck Sanayi Sitesinde&#8230;<\/p>\n","protected":false},"author":1,"featured_media":20547,"comment_status":"open","ping_status":"open","sticky":false,"template":"","format":"standard","meta":{"_crdt_document":"","footnotes":""},"categories":[5],"tags":[],"class_list":["post-20546","post","type-post","status-publish","format-standard","has-post-thumbnail","hentry","category-asayis"],"_links":{"self":[{"href":"https:\/\/www.egemtv.com\/index.php?rest_route=\/wp\/v2\/posts\/20546","targetHints":{"allow":["GET"]}}],"collection":[{"href":"https:\/\/www.egemtv.com\/index.php?rest_route=\/wp\/v2\/posts"}],"about":[{"href":"https:\/\/www.egemtv.com\/index.php?rest_route=\/wp\/v2\/types\/post"}],"author":[{"embeddable":true,"href":"https:\/\/www.egemtv.com\/index.php?rest_route=\/wp\/v2\/users\/1"}],"replies":[{"embeddable":true,"href":"https:\/\/www.egemtv.com\/index.php?rest_route=%2Fwp%2Fv2%2Fcomments&post=20546"}],"version-history":[{"count":1,"href":"https:\/\/www.egemtv.com\/index.php?rest_route=\/wp\/v2\/posts\/20546\/revisions"}],"predecessor-version":[{"id":20548,"href":"https:\/\/www.egemtv.com\/index.php?rest_route=\/wp\/v2\/posts\/20546\/revisions\/20548"}],"wp:featuredmedia":[{"embeddable":true,"href":"https:\/\/www.egemtv.com\/index.php?rest_route=\/wp\/v2\/media\/20547"}],"wp:attachment":[{"href":"https:\/\/www.egemtv.com\/index.php?rest_route=%2Fwp%2Fv2%2Fmedia&parent=20546"}],"wp:term":[{"taxonomy":"category","embeddable":true,"href":"https:\/\/www.egemtv.com\/index.php?rest_route=%2Fwp%2Fv2%2Fcategories&post=20546"},{"taxonomy":"post_tag","embeddable":true,"href":"https:\/\/www.egemtv.com\/index.php?rest_route=%2Fwp%2Fv2%2Ftags&post=20546"}],"curies":[{"name":"wp","href":"https:\/\/api.w.org\/{rel}","templated":true}]}}