{"id":20543,"date":"2025-02-19T14:47:45","date_gmt":"2025-02-19T11:47:45","guid":{"rendered":"https:\/\/www.egemtv.com\/?p=20543"},"modified":"2025-02-19T14:47:49","modified_gmt":"2025-02-19T11:47:49","slug":"aydinda-zirai-don-etkili-olacak","status":"publish","type":"post","link":"https:\/\/www.egemtv.com\/?p=20543","title":{"rendered":"Ayd\u0131n\u2019da zirai don etkili olacak"},"content":{"rendered":"<p>Ayd\u0131n genelinde, yar\u0131n g\u00fcn\u00fcn ilk saatlerinden itibaren hafif ve orta kuvvette zirai don etkili olacak.<\/p>\n<p>Meteoroloji 2. B\u00f6lge M\u00fcd\u00fcrl\u00fc\u011f\u00fc B\u00f6lge Tahmin ve Erken Uyar\u0131 Merkezi\u2019nden konu ile ilgili yap\u0131lan a\u00e7\u0131klamada &#8220;B\u00f6lgemizde hava s\u0131cakl\u0131klar\u0131nda beklenen d\u00fc\u015f\u00fc\u015f nedeniyle 20 \u015eubat 2025 Per\u015fembe g\u00fcn\u00fc ilk saatlerden itibaren i\u00e7 kesimlerde hafif, 21 \u015eubat 2025 Cuma g\u00fcn\u00fcnden itibaren Ayd\u0131n\u2019\u0131n merkez ve k\u0131y\u0131 il\u00e7elerinde hafif, i\u00e7 kesimlerde orta kuvvette zirai don hadisesi beklendi\u011finden meydana gelebilecek olumsuzluklara kar\u015f\u0131 dikkatli ve tedbirli olunmas\u0131 gerekmektedir. Buzlanma, zirai don olay\u0131 ve ula\u015f\u0131mda aksamalar ya\u015fanma ihtimaline kar\u015f\u0131 dikkatli olunmal\u0131d\u0131r&#8221; ifadeleri yer ald\u0131.<br \/><\/p>\n","protected":false},"excerpt":{"rendered":"<p>Ayd\u0131n genelinde, yar\u0131n g\u00fcn\u00fcn ilk saatlerinden itibaren hafif ve orta kuvvette zirai don etkili olacak. Meteoroloji 2. B\u00f6lge M\u00fcd\u00fcrl\u00fc\u011f\u00fc B\u00f6lge Tahmin ve Erken Uyar\u0131 Merkezi\u2019nden konu ile ilgili yap\u0131lan a\u00e7\u0131klamada &#8220;B\u00f6lgemizde hava s\u0131cakl\u0131klar\u0131nda beklenen d\u00fc\u015f\u00fc\u015f nedeniyle 20 \u015eubat 2025 Per\u015fembe g\u00fcn\u00fc ilk saatlerden itibaren i\u00e7 kesimlerde hafif, 21 \u015eubat 2025 Cuma g\u00fcn\u00fcnden itibaren Ayd\u0131n\u2019\u0131n merkez&#8230;<\/p>\n","protected":false},"author":1,"featured_media":20544,"comment_status":"open","ping_status":"open","sticky":false,"template":"","format":"standard","meta":{"_crdt_document":"","footnotes":""},"categories":[1],"tags":[],"class_list":["post-20543","post","type-post","status-publish","format-standard","has-post-thumbnail","hentry","category-guncel"],"_links":{"self":[{"href":"https:\/\/www.egemtv.com\/index.php?rest_route=\/wp\/v2\/posts\/20543","targetHints":{"allow":["GET"]}}],"collection":[{"href":"https:\/\/www.egemtv.com\/index.php?rest_route=\/wp\/v2\/posts"}],"about":[{"href":"https:\/\/www.egemtv.com\/index.php?rest_route=\/wp\/v2\/types\/post"}],"author":[{"embeddable":true,"href":"https:\/\/www.egemtv.com\/index.php?rest_route=\/wp\/v2\/users\/1"}],"replies":[{"embeddable":true,"href":"https:\/\/www.egemtv.com\/index.php?rest_route=%2Fwp%2Fv2%2Fcomments&post=20543"}],"version-history":[{"count":1,"href":"https:\/\/www.egemtv.com\/index.php?rest_route=\/wp\/v2\/posts\/20543\/revisions"}],"predecessor-version":[{"id":20545,"href":"https:\/\/www.egemtv.com\/index.php?rest_route=\/wp\/v2\/posts\/20543\/revisions\/20545"}],"wp:featuredmedia":[{"embeddable":true,"href":"https:\/\/www.egemtv.com\/index.php?rest_route=\/wp\/v2\/media\/20544"}],"wp:attachment":[{"href":"https:\/\/www.egemtv.com\/index.php?rest_route=%2Fwp%2Fv2%2Fmedia&parent=20543"}],"wp:term":[{"taxonomy":"category","embeddable":true,"href":"https:\/\/www.egemtv.com\/index.php?rest_route=%2Fwp%2Fv2%2Fcategories&post=20543"},{"taxonomy":"post_tag","embeddable":true,"href":"https:\/\/www.egemtv.com\/index.php?rest_route=%2Fwp%2Fv2%2Ftags&post=20543"}],"curies":[{"name":"wp","href":"https:\/\/api.w.org\/{rel}","templated":true}]}}