{"id":20540,"date":"2025-02-19T14:42:31","date_gmt":"2025-02-19T11:42:31","guid":{"rendered":"https:\/\/www.egemtv.com\/?p=20540"},"modified":"2025-02-19T14:42:35","modified_gmt":"2025-02-19T11:42:35","slug":"sehzadelerden-cop-ev-temizligi","status":"publish","type":"post","link":"https:\/\/www.egemtv.com\/?p=20540","title":{"rendered":"\u015eehzadeler\u2019den \u00e7\u00f6p ev temizli\u011fi"},"content":{"rendered":"<p>\u015eehzadeler Belediyesi, Ege Mahallesi\u2019nde bulunan \u00e7\u00f6p evde temizlik \u00e7al\u0131\u015fmas\u0131 ger\u00e7ekle\u015ftirdi. Belediye Ba\u015fkan\u0131 G\u00fcl\u015fah Durbay, \u00e7evre sa\u011fl\u0131\u011f\u0131n\u0131 korumak ad\u0131na benzer \u00e7al\u0131\u015fmalar\u0131n devam edece\u011fini s\u00f6yledi.<br \/>\n<br \/>\u015eehzadeler \u0130l\u00e7e Umumi H\u0131fz\u0131ss\u0131hha Kurulu Karar\u0131 do\u011frultusunda, \u015eehzadeler Belediyesi ekipleri Ege Mahallesi 1304 Sokak\u2019ta bulunan \u00e7\u00f6p eve y\u00f6nelik kapsaml\u0131 bir temizlik \u00e7al\u0131\u015fmas\u0131 ger\u00e7ekle\u015ftirdi. Mahalle sakinlerinin sa\u011fl\u0131\u011f\u0131n\u0131 tehdit eden, \u00e7evre kirlili\u011fine yol a\u00e7an ev, ekiplerin titiz \u00e7al\u0131\u015fmalar\u0131 sayesinde k\u0131sa s\u00fcrede temizlenerek, b\u00f6lge halk\u0131n\u0131n ya\u015fam alan\u0131 sa\u011fl\u0131kl\u0131 bir hale getirildi. \u00c7al\u0131\u015fma kapsam\u0131nda, belediye ekipleri \u00e7\u00f6p ev temizli\u011finin yan\u0131 s\u0131ra \u00e7evredeki di\u011fer potansiyel kirlilik kaynaklar\u0131 da tespit edilerek, gerekli m\u00fcdahaleler yap\u0131ld\u0131. Belediye yetkilileri, benzer durumlara kar\u015f\u0131 hassasiyetle hareket ettiklerini belirterek, vatanda\u015flar\u0131n bu t\u00fcr olumsuzluklar\u0131 bildirmeleri halinde gerekli i\u015flemlerin derhal hayata ge\u00e7irilece\u011fini vurgulad\u0131.<br \/>\n<br \/>\u015eehzadeler Belediye Ba\u015fkan\u0131 G\u00fcl\u015fah Durbay temizlik \u00e7al\u0131\u015fmas\u0131n\u0131n \u00f6nemine dikkat \u00e7ekerek, &#8220;Mahallelerimizin sa\u011fl\u0131kl\u0131 ve temiz bir \u00e7evrede ya\u015famalar\u0131n\u0131 sa\u011flamak bizim en b\u00fcy\u00fck \u00f6nceli\u011fimizdir. Bu t\u00fcr temizlik operasyonlar\u0131, sadece mevcut kirlili\u011fin giderilmesiyle s\u0131n\u0131rl\u0131 kalmay\u0131p, uzun vadeli \u00e7evre politikalar\u0131m\u0131z\u0131n da bir par\u00e7as\u0131 olarak de\u011ferlendirilmektedir. Yurtta\u015flar\u0131m\u0131z\u0131n destek ve duyarl\u0131l\u0131\u011f\u0131, bu \u00e7al\u0131\u015fmalar\u0131n ba\u015far\u0131s\u0131nda b\u00fcy\u00fck rol oynamaktad\u0131r&#8221; dedi.<br \/><\/p>\n","protected":false},"excerpt":{"rendered":"<p>\u015eehzadeler Belediyesi, Ege Mahallesi\u2019nde bulunan \u00e7\u00f6p evde temizlik \u00e7al\u0131\u015fmas\u0131 ger\u00e7ekle\u015ftirdi. Belediye Ba\u015fkan\u0131 G\u00fcl\u015fah Durbay, \u00e7evre sa\u011fl\u0131\u011f\u0131n\u0131 korumak ad\u0131na benzer \u00e7al\u0131\u015fmalar\u0131n devam edece\u011fini s\u00f6yledi. \u015eehzadeler \u0130l\u00e7e Umumi H\u0131fz\u0131ss\u0131hha Kurulu Karar\u0131 do\u011frultusunda, \u015eehzadeler Belediyesi ekipleri Ege Mahallesi 1304 Sokak\u2019ta bulunan \u00e7\u00f6p eve y\u00f6nelik kapsaml\u0131 bir temizlik \u00e7al\u0131\u015fmas\u0131 ger\u00e7ekle\u015ftirdi. Mahalle sakinlerinin sa\u011fl\u0131\u011f\u0131n\u0131 tehdit eden, \u00e7evre kirlili\u011fine yol a\u00e7an&#8230;<\/p>\n","protected":false},"author":1,"featured_media":20541,"comment_status":"open","ping_status":"open","sticky":false,"template":"","format":"standard","meta":{"_crdt_document":"","footnotes":""},"categories":[5],"tags":[],"class_list":["post-20540","post","type-post","status-publish","format-standard","has-post-thumbnail","hentry","category-asayis"],"_links":{"self":[{"href":"https:\/\/www.egemtv.com\/index.php?rest_route=\/wp\/v2\/posts\/20540","targetHints":{"allow":["GET"]}}],"collection":[{"href":"https:\/\/www.egemtv.com\/index.php?rest_route=\/wp\/v2\/posts"}],"about":[{"href":"https:\/\/www.egemtv.com\/index.php?rest_route=\/wp\/v2\/types\/post"}],"author":[{"embeddable":true,"href":"https:\/\/www.egemtv.com\/index.php?rest_route=\/wp\/v2\/users\/1"}],"replies":[{"embeddable":true,"href":"https:\/\/www.egemtv.com\/index.php?rest_route=%2Fwp%2Fv2%2Fcomments&post=20540"}],"version-history":[{"count":1,"href":"https:\/\/www.egemtv.com\/index.php?rest_route=\/wp\/v2\/posts\/20540\/revisions"}],"predecessor-version":[{"id":20542,"href":"https:\/\/www.egemtv.com\/index.php?rest_route=\/wp\/v2\/posts\/20540\/revisions\/20542"}],"wp:featuredmedia":[{"embeddable":true,"href":"https:\/\/www.egemtv.com\/index.php?rest_route=\/wp\/v2\/media\/20541"}],"wp:attachment":[{"href":"https:\/\/www.egemtv.com\/index.php?rest_route=%2Fwp%2Fv2%2Fmedia&parent=20540"}],"wp:term":[{"taxonomy":"category","embeddable":true,"href":"https:\/\/www.egemtv.com\/index.php?rest_route=%2Fwp%2Fv2%2Fcategories&post=20540"},{"taxonomy":"post_tag","embeddable":true,"href":"https:\/\/www.egemtv.com\/index.php?rest_route=%2Fwp%2Fv2%2Ftags&post=20540"}],"curies":[{"name":"wp","href":"https:\/\/api.w.org\/{rel}","templated":true}]}}