{"id":20537,"date":"2025-02-19T14:40:37","date_gmt":"2025-02-19T11:40:37","guid":{"rendered":"https:\/\/www.egemtv.com\/?p=20537"},"modified":"2025-02-19T14:40:42","modified_gmt":"2025-02-19T11:40:42","slug":"hisarcik-ataturk-ilkokulunda-okul-veli-el-ele-isimli-proje-hayata-gecirildi","status":"publish","type":"post","link":"https:\/\/www.egemtv.com\/?p=20537","title":{"rendered":"Hisarc\u0131k Atat\u00fcrk \u0130lkokulunda &#8220;Okul Veli El Ele&#8221; isimli proje hayata ge\u00e7irildi"},"content":{"rendered":"<p>Hisarc\u0131k Atat\u00fcrk \u0130lkokulunda hayata ge\u00e7irilen &#8220;Okul Veli El Ele&#8221; isimli proje \u00e7er\u00e7evesinde \u00f6\u011fretmenler taraf\u0131ndan \u00f6\u011frenciler ve veliler evlerinde ziyaret ediliyor.<br \/>\n<br \/>&#8220;T\u00fcrkiye Y\u00fczy\u0131l\u0131 Maarif Modeli&#8221; \u00e7er\u00e7evesinde Hisarc\u0131k \u0130l\u00e7e Milli E\u011fitim M\u00fcd\u00fcrl\u00fc\u011f\u00fcn\u00fcn ba\u015flatt\u0131\u011f\u0131 &#8221; Maarif Hisarc\u0131k&#8221; isimli proje do\u011frultusunda Atat\u00fcrk \u0130lkokulu S\u0131n\u0131f \u00d6\u011fretmenleri Semra B\u00fclb\u00fcl, Mehmet Kaya ve \u015eerif \u00d6zt\u00fcrk\u2019\u00fcn y\u00fcr\u00fctt\u00fc\u011f\u00fc &#8220;Okul Veli El Ele&#8221; isimli proje \u00e7er\u00e7evesinde \u00f6\u011fretmenler taraf\u0131ndan \u00f6\u011frenci ve veliler il\u00e7e merkezi ile k\u00f6ylerdeki evlerinde ziyaret ediliyor.<br \/>\n<br \/>Okul M\u00fcd\u00fcr\u00fc Pelin Solak, hayata ge\u00e7irilen &#8220;Okul Veli El Ele&#8221; projesiyle e\u011fitimde \u00f6\u011fretmen, \u00f6\u011frenci ve veli i\u015fbirli\u011fini etkinle\u015ftirilerek \u00f6\u011frencilerin ba\u015far\u0131lar\u0131n\u0131n art\u0131r\u0131lmas\u0131na katk\u0131 sa\u011flamak oldu\u011funu s\u00f6yledi.<br \/><\/p>\n","protected":false},"excerpt":{"rendered":"<p>Hisarc\u0131k Atat\u00fcrk \u0130lkokulunda hayata ge\u00e7irilen &#8220;Okul Veli El Ele&#8221; isimli proje \u00e7er\u00e7evesinde \u00f6\u011fretmenler taraf\u0131ndan \u00f6\u011frenciler ve veliler evlerinde ziyaret ediliyor. &#8220;T\u00fcrkiye Y\u00fczy\u0131l\u0131 Maarif Modeli&#8221; \u00e7er\u00e7evesinde Hisarc\u0131k \u0130l\u00e7e Milli E\u011fitim M\u00fcd\u00fcrl\u00fc\u011f\u00fcn\u00fcn ba\u015flatt\u0131\u011f\u0131 &#8221; Maarif Hisarc\u0131k&#8221; isimli proje do\u011frultusunda Atat\u00fcrk \u0130lkokulu S\u0131n\u0131f \u00d6\u011fretmenleri Semra B\u00fclb\u00fcl, Mehmet Kaya ve \u015eerif \u00d6zt\u00fcrk\u2019\u00fcn y\u00fcr\u00fctt\u00fc\u011f\u00fc &#8220;Okul Veli El Ele&#8221; isimli proje&#8230;<\/p>\n","protected":false},"author":1,"featured_media":20538,"comment_status":"open","ping_status":"open","sticky":false,"template":"","format":"standard","meta":{"_crdt_document":"","footnotes":""},"categories":[1],"tags":[],"class_list":["post-20537","post","type-post","status-publish","format-standard","has-post-thumbnail","hentry","category-guncel"],"_links":{"self":[{"href":"https:\/\/www.egemtv.com\/index.php?rest_route=\/wp\/v2\/posts\/20537","targetHints":{"allow":["GET"]}}],"collection":[{"href":"https:\/\/www.egemtv.com\/index.php?rest_route=\/wp\/v2\/posts"}],"about":[{"href":"https:\/\/www.egemtv.com\/index.php?rest_route=\/wp\/v2\/types\/post"}],"author":[{"embeddable":true,"href":"https:\/\/www.egemtv.com\/index.php?rest_route=\/wp\/v2\/users\/1"}],"replies":[{"embeddable":true,"href":"https:\/\/www.egemtv.com\/index.php?rest_route=%2Fwp%2Fv2%2Fcomments&post=20537"}],"version-history":[{"count":1,"href":"https:\/\/www.egemtv.com\/index.php?rest_route=\/wp\/v2\/posts\/20537\/revisions"}],"predecessor-version":[{"id":20539,"href":"https:\/\/www.egemtv.com\/index.php?rest_route=\/wp\/v2\/posts\/20537\/revisions\/20539"}],"wp:featuredmedia":[{"embeddable":true,"href":"https:\/\/www.egemtv.com\/index.php?rest_route=\/wp\/v2\/media\/20538"}],"wp:attachment":[{"href":"https:\/\/www.egemtv.com\/index.php?rest_route=%2Fwp%2Fv2%2Fmedia&parent=20537"}],"wp:term":[{"taxonomy":"category","embeddable":true,"href":"https:\/\/www.egemtv.com\/index.php?rest_route=%2Fwp%2Fv2%2Fcategories&post=20537"},{"taxonomy":"post_tag","embeddable":true,"href":"https:\/\/www.egemtv.com\/index.php?rest_route=%2Fwp%2Fv2%2Ftags&post=20537"}],"curies":[{"name":"wp","href":"https:\/\/api.w.org\/{rel}","templated":true}]}}