{"id":20528,"date":"2025-02-19T14:27:52","date_gmt":"2025-02-19T11:27:52","guid":{"rendered":"https:\/\/www.egemtv.com\/?p=20528"},"modified":"2025-02-19T14:27:56","modified_gmt":"2025-02-19T11:27:56","slug":"cider-yolunda-alt-yapi-calismalari-tamamlandi","status":"publish","type":"post","link":"https:\/\/www.egemtv.com\/?p=20528","title":{"rendered":"Cider Yolu\u2019nda alt yap\u0131 \u00e7al\u0131\u015fmalar\u0131 tamamland\u0131"},"content":{"rendered":"<p>Manisa\u2019n\u0131n kanayan yaras\u0131 haline gelen ve 18 y\u0131ld\u0131r \u00e7\u00f6z\u00fclemeyen Cider Yolu sorunu, Manisa B\u00fcy\u00fck\u015fehir Belediyesi\u2019nin kararl\u0131 \u00e7al\u0131\u015fmalar\u0131yla \u00e7\u00f6z\u00fcme kavu\u015fuyor. Kent merkezinde Mimar Sinan Bulvar\u0131\u2019na alternatif olacak olan Cider Yolu, Manisa trafi\u011fine can suyu olacak. \u015eehir trafi\u011fini rahatlatacak projenin alt yap\u0131 \u00e7al\u0131\u015fmalar\u0131, MASK\u0130 Genel M\u00fcd\u00fcrl\u00fc\u011f\u00fc taraf\u0131ndan tamamland\u0131.<br \/>\n<br \/>Manisa B\u00fcy\u00fck\u015fehir Belediye Ba\u015fkan\u0131 Ferdi Zeyrek\u2019in \u00f6nc\u00fcl\u00fc\u011f\u00fcnde hayata ge\u00e7irilen Cider Yolu projesi, Manisa Su ve Kanalizasyon \u0130daresi (MASK\u0130) Genel M\u00fcd\u00fcrl\u00fc\u011f\u00fc\u2019n\u00fcn \u00e7al\u0131\u015fmalar\u0131yla ilerliyor. MASK\u0130, yolda, ya\u011f\u0131\u015fl\u0131 havalarda ta\u015fk\u0131nlar\u0131n \u00f6n\u00fcne ge\u00e7mek ve ula\u015f\u0131m\u0131n aksamamas\u0131 i\u00e7in ya\u011fmur suyu hatt\u0131 d\u00f6\u015feme \u00e7al\u0131\u015fmas\u0131 yapt\u0131. Bu sayede, Cider Yolu sadece trafik sorununa de\u011fil, ayn\u0131 zamanda alt yap\u0131 sorununa da \u00e7\u00f6z\u00fcm olacak.<\/p>\n<p>&#8220;Alt yap\u0131 eksikliklerini tamaml\u0131yoruz&#8221;<br \/>\n<br \/>Kanalizasyon Dairesi Ba\u015fkan\u0131 \u015eahika Orhan, \u00e7al\u0131\u015fmalar\u0131n titizlikle s\u00fcrd\u00fcr\u00fcld\u00fc\u011f\u00fcn\u00fc belirterek, &#8220;Fatih Mahallesi \u015eehit Hasan Kuzu Caddesi s\u0131n\u0131rlar\u0131ndan ge\u00e7en Cider Yolu\u2019ndaki alt yap\u0131 eksikliklerimizi tamaml\u0131yoruz. Yakla\u015f\u0131k 450 metrelik ya\u011fmur suyu hatt\u0131 \u00e7al\u0131\u015fmalar\u0131m\u0131z\u0131 \u0131zgara ba\u011flant\u0131lar\u0131 ile birlikte tamamlad\u0131k&#8221; dedi.<\/p>\n<p>&#8220;Manisa ula\u015f\u0131m\u0131 i\u00e7in \u00e7ok \u00f6nemli bir yol&#8221;<br \/>\n<br \/>Fatih Mahalle Muhtar\u0131 Tansel Sat\u0131c\u0131 ise Cider Yolu\u2019nun Manisa i\u00e7in \u00f6nemini vurgulayarak, &#8220;C\u0130DER yolumuzun ya\u011fmur suyu hatt\u0131 d\u00f6\u015fendi. Manisa\u2019m\u0131z\u0131n ula\u015f\u0131m\u0131 i\u00e7in \u00e7ok \u00f6nemli bir yol buras\u0131. \u0130n\u015fallah en k\u0131sa zamanda a\u00e7\u0131lmas\u0131n\u0131 ve vatanda\u015flar\u0131m\u0131z\u0131n hizmetine sunulmas\u0131n\u0131 bekliyoruz. Manisa B\u00fcy\u00fck\u015fehir Belediye Ba\u015fkan\u0131m\u0131z Ferdi Zeyrek ve eme\u011fi ge\u00e7en herkese te\u015fekk\u00fcr ediyorum&#8221; \u015feklinde konu\u015ftu.<br \/>\n<br \/>Cider Yolu projesi, Manisa\u2019n\u0131n ula\u015f\u0131m sorununa k\u00f6kl\u00fc bir \u00e7\u00f6z\u00fcm getirerek \u015fehre \u00f6nemli katk\u0131lar sa\u011flayacak. Projenin tamamlanmas\u0131yla birlikte, \u015fehir trafi\u011fi \u00f6nemli \u00f6l\u00e7\u00fcde rahatlayacak.<br \/><\/p>\n","protected":false},"excerpt":{"rendered":"<p>Manisa\u2019n\u0131n kanayan yaras\u0131 haline gelen ve 18 y\u0131ld\u0131r \u00e7\u00f6z\u00fclemeyen Cider Yolu sorunu, Manisa B\u00fcy\u00fck\u015fehir Belediyesi\u2019nin kararl\u0131 \u00e7al\u0131\u015fmalar\u0131yla \u00e7\u00f6z\u00fcme kavu\u015fuyor. Kent merkezinde Mimar Sinan Bulvar\u0131\u2019na alternatif olacak olan Cider Yolu, Manisa trafi\u011fine can suyu olacak. \u015eehir trafi\u011fini rahatlatacak projenin alt yap\u0131 \u00e7al\u0131\u015fmalar\u0131, MASK\u0130 Genel M\u00fcd\u00fcrl\u00fc\u011f\u00fc taraf\u0131ndan tamamland\u0131. Manisa B\u00fcy\u00fck\u015fehir Belediye Ba\u015fkan\u0131 Ferdi Zeyrek\u2019in \u00f6nc\u00fcl\u00fc\u011f\u00fcnde hayata ge\u00e7irilen&#8230;<\/p>\n","protected":false},"author":1,"featured_media":20529,"comment_status":"open","ping_status":"open","sticky":false,"template":"","format":"standard","meta":{"_crdt_document":"","footnotes":""},"categories":[125],"tags":[],"class_list":["post-20528","post","type-post","status-publish","format-standard","has-post-thumbnail","hentry","category-ekonomi"],"_links":{"self":[{"href":"https:\/\/www.egemtv.com\/index.php?rest_route=\/wp\/v2\/posts\/20528","targetHints":{"allow":["GET"]}}],"collection":[{"href":"https:\/\/www.egemtv.com\/index.php?rest_route=\/wp\/v2\/posts"}],"about":[{"href":"https:\/\/www.egemtv.com\/index.php?rest_route=\/wp\/v2\/types\/post"}],"author":[{"embeddable":true,"href":"https:\/\/www.egemtv.com\/index.php?rest_route=\/wp\/v2\/users\/1"}],"replies":[{"embeddable":true,"href":"https:\/\/www.egemtv.com\/index.php?rest_route=%2Fwp%2Fv2%2Fcomments&post=20528"}],"version-history":[{"count":1,"href":"https:\/\/www.egemtv.com\/index.php?rest_route=\/wp\/v2\/posts\/20528\/revisions"}],"predecessor-version":[{"id":20530,"href":"https:\/\/www.egemtv.com\/index.php?rest_route=\/wp\/v2\/posts\/20528\/revisions\/20530"}],"wp:featuredmedia":[{"embeddable":true,"href":"https:\/\/www.egemtv.com\/index.php?rest_route=\/wp\/v2\/media\/20529"}],"wp:attachment":[{"href":"https:\/\/www.egemtv.com\/index.php?rest_route=%2Fwp%2Fv2%2Fmedia&parent=20528"}],"wp:term":[{"taxonomy":"category","embeddable":true,"href":"https:\/\/www.egemtv.com\/index.php?rest_route=%2Fwp%2Fv2%2Fcategories&post=20528"},{"taxonomy":"post_tag","embeddable":true,"href":"https:\/\/www.egemtv.com\/index.php?rest_route=%2Fwp%2Fv2%2Ftags&post=20528"}],"curies":[{"name":"wp","href":"https:\/\/api.w.org\/{rel}","templated":true}]}}