{"id":20523,"date":"2025-02-19T14:21:23","date_gmt":"2025-02-19T11:21:23","guid":{"rendered":"https:\/\/www.egemtv.com\/?p=20523"},"modified":"2025-02-19T14:21:36","modified_gmt":"2025-02-19T11:21:36","slug":"baskan-tugay-afet-koordinasyon-calistayinin-acilisini-yapti","status":"publish","type":"post","link":"https:\/\/www.egemtv.com\/?p=20523","title":{"rendered":"Ba\u015fkan Tugay &#8220;Afet Koordinasyon \u00c7al\u0131\u015ftay\u0131&#8221;n\u0131n a\u00e7\u0131l\u0131\u015f\u0131n\u0131 yapt\u0131"},"content":{"rendered":"<p>\u0130zmir B\u00fcy\u00fck\u015fehir Belediye Ba\u015fkan\u0131 Dr. Cemil Tugay, alan\u0131nda uzman isimleri bulu\u015fturan \u0130zmir Afet Koordinasyon \u00c7al\u0131\u015ftay\u0131\u2019n\u0131n a\u00e7\u0131l\u0131\u015f\u0131nda konu\u015ftu. Tugay, &#8220;Dile\u011fimiz afetsiz bir hayat ama bunun dilemekle olmayaca\u011f\u0131n\u0131 da hepimiz biliyoruz. Haz\u0131r \u015fehirler olmam\u0131z gerekiyor. Herhangi bir afetin \u00f6ncesinde yap\u0131lmas\u0131 gerekenleri yapm\u0131\u015f, ba\u015f\u0131na geldi\u011finde de o hasar\u0131 en aza indirecek kentler haline d\u00f6n\u00fc\u015fmemiz \u015fart. \u0130zmir bunu yapacak birikime, g\u00f6rg\u00fcye, bilgiye sahip&#8221; dedi.<br \/>\n<br \/>\u0130zmir B\u00fcy\u00fck\u015fehir Belediyesi Afet \u0130\u015fleri Dairesi Ba\u015fkanl\u0131\u011f\u0131\u2019nca d\u00fczenlenen \u0130zmir Afet Koordinasyon \u00c7al\u0131\u015ftay\u0131\u2019n\u0131n a\u00e7\u0131l\u0131\u015f\u0131 Tarihi Havagaz\u0131 Fabrikas\u0131\u2019nda \u0130zmir B\u00fcy\u00fck\u015fehir Belediye Ba\u015fkan\u0131 Dr. Cemil Tugay taraf\u0131ndan yap\u0131ld\u0131. Alan\u0131nda uzman isimleri bir araya getiren, afet s\u0131ras\u0131nda ve sonras\u0131nda yap\u0131lmas\u0131 gerekenlerin 5 ba\u015fl\u0131k \u00fczerinden ele al\u0131naca\u011f\u0131 \u00e7al\u0131\u015ftayda konu\u015fan Ba\u015fkan Tugay, &#8220;Bilgi payla\u015ft\u0131k\u00e7a \u00e7o\u011fal\u0131r. Bu \u00e7al\u0131\u015ftaylar aram\u0131zda bilgi payla\u015f\u0131m\u0131 i\u00e7in vesile oluyor ve ayn\u0131 y\u00f6ne bakmam\u0131z\u0131 sa\u011fl\u0131yor. Kentimizde yap\u0131lacak ortak \u00e7al\u0131\u015fmalar i\u00e7in \u00f6nemli katk\u0131lar sa\u011fl\u0131yor&#8221; diyerek s\u00f6zlerine ba\u015flad\u0131.<\/p>\n<p>&#8220;Deprem Master Plan\u0131m\u0131z i\u00e7in \u0131\u015f\u0131k tutacak veriler sa\u011flayacak&#8221;<br \/>\n<br \/>Kentlerin her ge\u00e7en y\u0131l daha da kalabal\u0131kla\u015ft\u0131\u011f\u0131n\u0131 s\u00f6yleyen Tugay, &#8220;Kentler, bazen kontrols\u00fczce b\u00fcy\u00fcyen, s\u0131k\u00e7a altyap\u0131 sorunlar\u0131 ya\u015fad\u0131\u011f\u0131m\u0131z yerle\u015fim birimlerine d\u00f6n\u00fc\u015f\u00fcyor. Bir yerde ne kadar \u00e7ok bina ve insan varsa, orada afet sonras\u0131 y\u0131k\u0131m daha fazla oluyor. Bu nedenle afetlere kar\u015f\u0131 haz\u0131r olmam\u0131z \u00e7ok \u00f6nemli&#8221; dedi.<br \/>\n<br \/>Ba\u015fkan Tugay, 30 Ekim 2020 \u0130zmir ve 6 \u015eubat 2023 Kahramanmara\u015f depremlerini hat\u0131rlatarak, &#8220;Her iki deprem bizim bir\u00e7ok \u015feyin fark\u0131na varmam\u0131z\u0131 sa\u011flad\u0131. Bunlarla ilgili pek \u00e7ok ders \u00e7\u0131kar\u0131ld\u0131\u011f\u0131n\u0131 biliyorum ama \u00e7\u0131kar\u0131lan derslerin yeteri kadar uygulamaya yans\u0131d\u0131\u011f\u0131n\u0131 d\u00fc\u015f\u00fcnm\u00fcyorum. \u0130zmir\u2019de y\u00fcr\u00fctt\u00fc\u011f\u00fcm\u00fcz zemin ara\u015ft\u0131rmalar\u0131, yap\u0131 envanteri \u00e7al\u0131\u015fmalar\u0131 ve faylarla ilgili \u00e7al\u0131\u015fmalar \u00f6nemli veri taban\u0131 olu\u015fturdu. \u00d6n\u00fcm\u00fczdeki g\u00fcnlerde bu veriler \u0131\u015f\u0131\u011f\u0131nda \u00f6nemli \u00e7al\u0131\u015fmalar yapaca\u011f\u0131z. \u0130zmir\u2019in \u015fu an i\u00e7in bir Deprem Master Plan\u0131 yok diyebiliriz. Haz\u0131rlanan plan\u0131n \u00fczerinden 25-26 y\u0131l ge\u00e7mi\u015f. Bu s\u00fcre\u00e7te yeni ara\u015ft\u0131rmalar yap\u0131lm\u0131\u015f. Mutlaka g\u00fcncellenmesi gereken bir plan bu. G\u00f6reve geldi\u011fimizden beri yeni Deprem Master Plan\u0131 i\u00e7in \u00e7al\u0131\u015f\u0131yoruz. Bu \u00e7al\u0131\u015ftay Deprem Master Plan\u0131m\u0131z i\u00e7in \u0131\u015f\u0131k tutacak veriler sa\u011flayacak&#8221; diye konu\u015ftu.<\/p>\n<p>&#8220;Yang\u0131n riski haritaland\u0131r\u0131ld\u0131&#8221;<br \/>\n<br \/>Ba\u015fkan Tugay, 30 Ekim depremindeki koordinasyon eksikli\u011fine de dikkat \u00e7ekerek, ileti\u015fim ve koordinasyonun m\u00fcmk\u00fcn olan en h\u0131zl\u0131 \u015fekilde sa\u011flanmak zorunda oldu\u011funu s\u00f6yledi. \u00c7al\u0131\u015ftay\u0131n en \u00f6nemli amac\u0131n\u0131n afete haz\u0131rl\u0131k kapsam\u0131nda t\u00fcm planlaman\u0131n tamamlanmas\u0131 oldu\u011funu belirten Tugay, s\u00f6zlerine \u015f\u00f6yle devam etti: &#8220;Bu \u00e7al\u0131\u015ftay bizim i\u00e7in \u00e7ok k\u0131ymetli. Elde etti\u011fimiz sonu\u00e7larla kurumlar aras\u0131ndaki koordinasyonu ilgili t\u00fcm birimlerimizin \u00e7abas\u0131yla sa\u011flayaca\u011f\u0131z. Ge\u00e7en y\u0131l Yamanlar\u2019da b\u00fcy\u00fck bir yang\u0131n da ya\u015fad\u0131k. Sadece deprem de\u011fil, onun gibi y\u0131k\u0131c\u0131 etkisi olabilen yang\u0131nlar, seller \u00fczerine de \u00e7al\u0131\u015f\u0131yoruz. Yang\u0131nla ilgili pek \u00e7ok \u00e7al\u0131\u015fma yapt\u0131k, yap\u0131yoruz. Afet y\u00f6netiminde, \u00f6ncesi ve sonras\u0131ndaki \u00e7al\u0131\u015fmalarla ilgili elimizdeki teknolojinin faydal\u0131 oldu\u011funu ve daha verimli kullanmam\u0131z gerekti\u011fini d\u00fc\u015f\u00fcn\u00fcyorum. Arkada\u015flar\u0131m\u0131z \u0130zmir\u2019de hangi ormanl\u0131k alanlarda yang\u0131n riskinin daha y\u00fcksek oldu\u011funu haritaland\u0131rd\u0131lar. O harita bizim i\u00e7in \u015fu anlama geliyor: Yang\u0131n ba\u015flama ihtimali y\u00fcksek yerleri daha yak\u0131ndan izlemek i\u00e7in takip sistemleri kuraca\u011f\u0131z. Ayr\u0131ca daha h\u0131zl\u0131 ula\u015fmak i\u00e7in ara\u00e7 ve istasyonlar ekleyece\u011fiz.&#8221;<\/p>\n<p>Koordinasyon ve hareket kabiliyeti artacak<br \/>\n<br \/>\u0130klim krizine de de\u011finen Ba\u015fkan Tugay, yaz\u0131n y\u00fcksek s\u0131cakl\u0131klar nedeniyle orman yang\u0131nlar\u0131 ya\u015famaya devam edece\u011fimizi belirterek &#8220;Belki hi\u00e7 beklemedi\u011fimiz b\u00fcy\u00fck ya\u011f\u0131\u015flar ve arkas\u0131ndan seller ya\u015fanabilecek. Kentlerimizi her anlamda yap\u0131land\u0131r\u0131rken bunlar\u0131 hesaba katmak zorunday\u0131z. Birbirimize olabildi\u011fince bilgi aktarmal\u0131, uyar\u0131lar yapmal\u0131y\u0131z. Dile\u011fimiz afetsiz bir hayat ama bunun dilemekle olmayaca\u011f\u0131n\u0131 da hepimiz biliyoruz. Haz\u0131r \u015fehirler olmam\u0131z gerekiyor. Herhangi bir afetin \u00f6ncesinde yap\u0131lmas\u0131 gerekenleri yapm\u0131\u015f, ba\u015f\u0131na geldi\u011finde de o hasar\u0131 en aza indirecek kentler haline d\u00f6n\u00fc\u015fmemiz \u015fart. \u0130zmir bunu yapacak birikime, g\u00f6rg\u00fcye, bilgiye sahip. Koordinasyon ve hareket kabiliyetimizi art\u0131rd\u0131k\u00e7a insanlar\u0131m\u0131z daha g\u00fcvenli ya\u015fayabilecek. \u0130zmir B\u00fcy\u00fck\u015fehir Belediyesi afetlerle ilgili yap\u0131lacak her t\u00fcrl\u00fc \u00e7al\u0131\u015fmada donan\u0131m\u0131n\u0131 art\u0131rma yolunda b\u00fcy\u00fck \u00e7aba i\u00e7inde. Herkesin bu \u00e7al\u0131\u015fmaya y\u00fcrekten kat\u0131lmas\u0131 ihtiyac\u0131m\u0131z olan \u015feydir&#8221; diye konu\u015ftu.<\/p>\n<p>Bilim insan\u0131 S\u00f6zbilir\u2019den sunum<br \/>\n<br \/>\u0130zmir Dokuz Eyl\u00fcl \u00dcniversitesi\u2019nin (DE\u00dc) Deprem Ara\u015ft\u0131rma ve Uygulama Merkezi (DAUM) M\u00fcd\u00fcr\u00fc Prof. Dr. Hasan S\u00f6zbilir ise \u00e7al\u0131\u015ftayda sunum yapt\u0131. Teknik bilgilendirme yapan S\u00f6zbilir, son g\u00fcnlerde ya\u015fanan depremler hakk\u0131nda konu\u015furken &#8220;20 g\u00fcnd\u00fcr do\u011fru d\u00fczg\u00fcn uyumuyoruz. Depremleri analiz etmeye \u00e7al\u0131\u015f\u0131yoruz. Bug\u00fcnk\u00fc \u00e7al\u0131\u015ftay bu y\u00fczden \u00e7ok anlaml\u0131. Afetten en az zararla nas\u0131l \u00e7\u0131kabiliriz, bunun i\u00e7in konu\u015fuyoruz&#8221; dedi.<br \/>\n<br \/>Santorini Adas\u0131\u2019n\u0131n kuzeyinde ya\u015fanan depremlere de de\u011finen S\u00f6zbilir, orada ger\u00e7ekle\u015fecek 7,5 b\u00fcy\u00fckl\u00fc\u011f\u00fcnde bir depremin \u0130zmir\u2019de de hissedilece\u011fini ve meteorolojik duruma g\u00f6re \u0130zmir\u2019de k\u00fcl ya\u011fabilece\u011fini, k\u00f6y evlerinin ya\u011fan k\u00fcller nedeniyle \u00e7at\u0131s\u0131n\u0131n \u00e7\u00f6kebilece\u011fini belirtti. S\u00f6zbilir, Santorini\u2019de ger\u00e7ekle\u015febilecek bir depremde, \u0130zmir\u2019in yap\u0131 stokunun durumuna g\u00f6re y\u0131k\u0131mlar olabilece\u011fini de aktard\u0131. S\u00f6zbilir, 30 Ekim depreminin de asl\u0131nda \u0130zmir\u2019den uzak bir b\u00f6lgede oldu\u011funu ancak yine de \u0130zmir\u2019de y\u0131k\u0131ma yol a\u00e7t\u0131\u011f\u0131n\u0131, Santorini\u2019de ger\u00e7ekle\u015febilecek depremin de \u0130zmir\u2019in yap\u0131 stokuna g\u00f6re y\u0131k\u0131ma yol a\u00e7abilece\u011fini ifade etti.<\/p>\n<p>&#8220;Hasar tahminine ge\u00e7memiz gerekiyor&#8221;<br \/>\n<br \/>Santorini\u2019de \u00e7ok say\u0131da volkan oldu\u011funu belirten S\u00f6zbilir, &#8220;Son 1 milyon y\u0131ld\u0131r farkl\u0131 zamanlarda p\u00fcsk\u00fcrmeler ger\u00e7ekle\u015fmi\u015f. Bunlar\u0131 depremler izlemi\u015f. Bazen deprem sonras\u0131 hem tsunami hem volkan patlamas\u0131 ger\u00e7ekle\u015fmi\u015f. Patlamalarda d\u00f6nemin iklimi, hava \u015fartlar\u0131 \u00e7ok \u00f6nemli. Muhtemel bir volkanik patlama durumu i\u00e7in bizim de \u00f6nlem almam\u0131z gerekiyor. K\u00fcller binalar\u0131n \u00fczerine geldi\u011finde k\u00f6y evleri a\u011f\u0131rl\u0131ktan dolay\u0131 g\u00f6\u00e7ebilecek. Herkesin cebinde a\u011fz\u0131n\u0131, burnunu kapatacak bir \u015fey olmas\u0131 da gerekiyor&#8221; ifadelerini kulland\u0131.<br \/>\n<br \/>Art\u0131k hasar tahminine ge\u00e7memiz gerekti\u011fini de belirten S\u00f6zbilir, &#8220;\u0130l Afet Risk Azaltma Plan\u0131 (\u0130RAP) eylemleri \u00e7ok \u00f6nemli. 2021\u2019de ba\u015flatt\u0131k. Onlar\u0131n i\u00e7inde her \u015fey var ama volkanik patlama yok, eklenmesi gerekiyor&#8221; dedi. 2030 y\u0131l\u0131n\u0131n \u0130zmir\u2019in her t\u00fcrl\u00fc afete haz\u0131r oldu\u011fu bir zaman dilimi gibi d\u00fc\u015f\u00fcn\u00fclebilece\u011fini belirten S\u00f6zbilir, &#8220;Erken uyar\u0131 sistemi depremlerde \u00e7ok \u00f6nemli. Bina bazl\u0131 bu sistemin olmas\u0131 gerekir&#8221; diye ekledi.<\/p>\n<p>\u0130\u00e7erikte ne var<br \/>\n<br \/>\u00c7al\u0131\u015ftayda \u00f6zellikle depremle ilgili planlamalara a\u011f\u0131rl\u0131k verilecek. Altyap\u0131 ve lojistik, koordinasyon ve ileti\u015fim, teknolojik ara\u00e7lar ve veri kullan\u0131m\u0131, insani yard\u0131m ve acil m\u00fcdahale konular\u0131 \u00fczerinde yeni senaryolar geli\u015ftirilecek. \u00c7al\u0131\u015ftayda ayr\u0131ca e\u011fitim, olay yeri ve olay yeri d\u0131\u015f\u0131 uygulamalar, g\u00f6n\u00fcll\u00fc y\u00f6netimi ve dezavantajl\u0131 bireylerin desteklenmesi gibi konular da de\u011ferlendirilecek.<br \/>\n<br \/>Afet Koordinasyon \u00c7al\u0131\u015ftay\u0131 ile \u0130zmir\u2019de muhtemel bir deprem durumunda afet s\u0131ras\u0131nda ve sonras\u0131nda ortaya \u00e7\u0131kabilecek temel ihtiya\u00e7lar, m\u00fcdahale y\u00f6ntemleri detayl\u0131 \u015fekilde de\u011ferlendirilecek. Kurumlar aras\u0131 i\u015f birli\u011fi ve koordinasyonun g\u00fc\u00e7lendirilmesi, teknolojik ara\u00e7lar ve veri payla\u015f\u0131m\u0131n\u0131n yayg\u0131nla\u015ft\u0131r\u0131lmas\u0131, e\u011fitim ve fark\u0131ndal\u0131k \u00e7al\u0131\u015fmalar\u0131n\u0131n derinle\u015ftirilmesi i\u00e7in at\u0131lmas\u0131 gereken ad\u0131mlar belirlenecek. B\u00f6ylece kentin ve toplumun afet sonras\u0131 s\u00fcre\u00e7lere daha diren\u00e7li, h\u0131zl\u0131 ve verimli yan\u0131t vermesi sa\u011flanacak.<br \/><\/p>\n","protected":false},"excerpt":{"rendered":"<p>\u0130zmir B\u00fcy\u00fck\u015fehir Belediye Ba\u015fkan\u0131 Dr. Cemil Tugay, alan\u0131nda uzman isimleri bulu\u015fturan \u0130zmir Afet Koordinasyon \u00c7al\u0131\u015ftay\u0131\u2019n\u0131n a\u00e7\u0131l\u0131\u015f\u0131nda konu\u015ftu. Tugay, &#8220;Dile\u011fimiz afetsiz bir hayat ama bunun dilemekle olmayaca\u011f\u0131n\u0131 da hepimiz biliyoruz. Haz\u0131r \u015fehirler olmam\u0131z gerekiyor. Herhangi bir afetin \u00f6ncesinde yap\u0131lmas\u0131 gerekenleri yapm\u0131\u015f, ba\u015f\u0131na geldi\u011finde de o hasar\u0131 en aza indirecek kentler haline d\u00f6n\u00fc\u015fmemiz \u015fart. \u0130zmir bunu yapacak&#8230;<\/p>\n","protected":false},"author":1,"featured_media":20524,"comment_status":"open","ping_status":"open","sticky":false,"template":"","format":"standard","meta":{"_crdt_document":"","footnotes":""},"categories":[1],"tags":[],"class_list":["post-20523","post","type-post","status-publish","format-standard","has-post-thumbnail","hentry","category-guncel"],"_links":{"self":[{"href":"https:\/\/www.egemtv.com\/index.php?rest_route=\/wp\/v2\/posts\/20523","targetHints":{"allow":["GET"]}}],"collection":[{"href":"https:\/\/www.egemtv.com\/index.php?rest_route=\/wp\/v2\/posts"}],"about":[{"href":"https:\/\/www.egemtv.com\/index.php?rest_route=\/wp\/v2\/types\/post"}],"author":[{"embeddable":true,"href":"https:\/\/www.egemtv.com\/index.php?rest_route=\/wp\/v2\/users\/1"}],"replies":[{"embeddable":true,"href":"https:\/\/www.egemtv.com\/index.php?rest_route=%2Fwp%2Fv2%2Fcomments&post=20523"}],"version-history":[{"count":1,"href":"https:\/\/www.egemtv.com\/index.php?rest_route=\/wp\/v2\/posts\/20523\/revisions"}],"predecessor-version":[{"id":20526,"href":"https:\/\/www.egemtv.com\/index.php?rest_route=\/wp\/v2\/posts\/20523\/revisions\/20526"}],"wp:featuredmedia":[{"embeddable":true,"href":"https:\/\/www.egemtv.com\/index.php?rest_route=\/wp\/v2\/media\/20524"}],"wp:attachment":[{"href":"https:\/\/www.egemtv.com\/index.php?rest_route=%2Fwp%2Fv2%2Fmedia&parent=20523"}],"wp:term":[{"taxonomy":"category","embeddable":true,"href":"https:\/\/www.egemtv.com\/index.php?rest_route=%2Fwp%2Fv2%2Fcategories&post=20523"},{"taxonomy":"post_tag","embeddable":true,"href":"https:\/\/www.egemtv.com\/index.php?rest_route=%2Fwp%2Fv2%2Ftags&post=20523"}],"curies":[{"name":"wp","href":"https:\/\/api.w.org\/{rel}","templated":true}]}}