{"id":20519,"date":"2025-02-19T14:21:10","date_gmt":"2025-02-19T11:21:10","guid":{"rendered":"https:\/\/www.egemtv.com\/?p=20519"},"modified":"2025-02-19T14:21:22","modified_gmt":"2025-02-19T11:21:22","slug":"yeniden-refah-partisinden-istifa-eden-belediye-baskani-ak-partiye-katildi","status":"publish","type":"post","link":"https:\/\/www.egemtv.com\/?p=20519","title":{"rendered":"Yeniden Refah Partisi\u2019nden istifa eden belediye ba\u015fkan\u0131 AK Parti\u2019ye kat\u0131ld\u0131"},"content":{"rendered":"<p>Manisa\u2019n\u0131n Selendi il\u00e7esinde Yeniden Refah Partisinden belediye ba\u015fkan\u0131 se\u00e7ilen Murat Daban, partisinden istifa ederek AK Parti\u2019ye kat\u0131ld\u0131. Ba\u015fkan Daban yapt\u0131\u011f\u0131 a\u00e7\u0131klamada &#8220;Siz k\u0131ymetli hem\u015fehrilerimizin kutsal emanetini ta\u015f\u0131y\u0131p, Selendimiz\u2019de daha iyi hizmetlere odaklanabilmek i\u00e7in, yol arkada\u015flar\u0131m\u0131n ortak g\u00f6r\u00fc\u015f\u00fc ile \u00fclkemiz i\u00e7in hizmet sevdal\u0131s\u0131 olan hizmet a\u015fk\u0131yla \u00e7al\u0131\u015fan AK Parti\u2019ye kat\u0131lmaktan gurur duyuyorum&#8221; dedi.<br \/>\n<br \/>Manisa\u2019n\u0131n Selendi il\u00e7esinde 31 Mart Mahalli \u0130dareler se\u00e7imlerine Yeniden Refah Partisi listesinden girerek oylar\u0131n y\u00fczde 42.36\u2019s\u0131n\u0131 alan Murat Daban belediye ba\u015fkan\u0131 se\u00e7ilmi\u015fti. D\u00fcn Yeniden Refah Partisi\u2019nden istifa etti\u011fini duyuran Selendi Belediye Ba\u015fkan\u0131 Murat Daban, bug\u00fcn itibariyle AK Parti\u2019ye kat\u0131ld\u0131. AK Parti Genel Ba\u015fkan\u0131 ve Cumhurba\u015fkan\u0131 Recep Tayyip Erdo\u011fan, grup toplant\u0131s\u0131 sonras\u0131 Ba\u015fkan Daban\u2019a AK Parti rozetini takt\u0131. Ba\u015fkan Daban, AK Parti Manisa Milletvekili ve Grup Ba\u015fkanvekili Bahad\u0131r Yeni\u015fehirlio\u011flu ile Manisa Milletvekilleri Murat Baybatur, Ahmet M\u00fccahit Ar\u0131n\u00e7, Tamer Akkal ve \u0130l Ba\u015fkan\u0131 S\u00fcleyman Turgut, Selendi \u0130l\u00e7e Ba\u015fkan\u0131 \u015eafak Aydo\u011fu\u015f\u2019un kat\u0131ld\u0131\u011f\u0131 grup toplant\u0131s\u0131 sonras\u0131 resmen AK Parti saflar\u0131na kat\u0131lm\u0131\u015f oldu.<br \/>\n<br \/>Selendi\u2019ye daha iyi hizmetler yapmak amac\u0131yla g\u00f6revine odaklanaca\u011f\u0131n\u0131 s\u00f6yleyen AK Parti\u2019li Selendi Belediye Ba\u015fkan\u0131 Murat Daban, &#8220;Bug\u00fcne kadar bizlere kucak a\u00e7an, sevgisini esirgemeyen halk\u0131m\u0131z i\u00e7in en do\u011fru zeminde, hizmet ve \u00e7al\u0131\u015fmalar\u0131m\u0131z\u0131 yapma gereklili\u011fi has\u0131l olmu\u015ftur. Siz k\u0131ymetli hem\u015fehrilerimizin kutsal emanetini ta\u015f\u0131y\u0131p, Selendimiz\u2019de daha iyi hizmetlere odaklanabilmek i\u00e7in, yol arkada\u015flar\u0131m\u0131n ortak g\u00f6r\u00fc\u015f\u00fc ile \u00fclkemiz i\u00e7in hizmet sevdal\u0131s\u0131 olan hizmet a\u015fk\u0131yla \u00e7al\u0131\u015fan AK Parti\u2019ye kat\u0131lmaktan gurur duyuyorum. Bundan sonra hizmetlerimiz h\u0131zla devam edecek her \u015fey Selendi i\u00e7in olacak. Cumhurba\u015fkan\u0131m\u0131za sonsuz te\u015fekk\u00fcr ediyorum&#8221; dedi.<br \/><\/p>\n","protected":false},"excerpt":{"rendered":"<p>Manisa\u2019n\u0131n Selendi il\u00e7esinde Yeniden Refah Partisinden belediye ba\u015fkan\u0131 se\u00e7ilen Murat Daban, partisinden istifa ederek AK Parti\u2019ye kat\u0131ld\u0131. Ba\u015fkan Daban yapt\u0131\u011f\u0131 a\u00e7\u0131klamada &#8220;Siz k\u0131ymetli hem\u015fehrilerimizin kutsal emanetini ta\u015f\u0131y\u0131p, Selendimiz\u2019de daha iyi hizmetlere odaklanabilmek i\u00e7in, yol arkada\u015flar\u0131m\u0131n ortak g\u00f6r\u00fc\u015f\u00fc ile \u00fclkemiz i\u00e7in hizmet sevdal\u0131s\u0131 olan hizmet a\u015fk\u0131yla \u00e7al\u0131\u015fan AK Parti\u2019ye kat\u0131lmaktan gurur duyuyorum&#8221; dedi. Manisa\u2019n\u0131n Selendi il\u00e7esinde&#8230;<\/p>\n","protected":false},"author":1,"featured_media":20520,"comment_status":"open","ping_status":"open","sticky":false,"template":"","format":"standard","meta":{"_crdt_document":"","footnotes":""},"categories":[127],"tags":[],"class_list":["post-20519","post","type-post","status-publish","format-standard","has-post-thumbnail","hentry","category-siyaset"],"_links":{"self":[{"href":"https:\/\/www.egemtv.com\/index.php?rest_route=\/wp\/v2\/posts\/20519","targetHints":{"allow":["GET"]}}],"collection":[{"href":"https:\/\/www.egemtv.com\/index.php?rest_route=\/wp\/v2\/posts"}],"about":[{"href":"https:\/\/www.egemtv.com\/index.php?rest_route=\/wp\/v2\/types\/post"}],"author":[{"embeddable":true,"href":"https:\/\/www.egemtv.com\/index.php?rest_route=\/wp\/v2\/users\/1"}],"replies":[{"embeddable":true,"href":"https:\/\/www.egemtv.com\/index.php?rest_route=%2Fwp%2Fv2%2Fcomments&post=20519"}],"version-history":[{"count":1,"href":"https:\/\/www.egemtv.com\/index.php?rest_route=\/wp\/v2\/posts\/20519\/revisions"}],"predecessor-version":[{"id":20522,"href":"https:\/\/www.egemtv.com\/index.php?rest_route=\/wp\/v2\/posts\/20519\/revisions\/20522"}],"wp:featuredmedia":[{"embeddable":true,"href":"https:\/\/www.egemtv.com\/index.php?rest_route=\/wp\/v2\/media\/20520"}],"wp:attachment":[{"href":"https:\/\/www.egemtv.com\/index.php?rest_route=%2Fwp%2Fv2%2Fmedia&parent=20519"}],"wp:term":[{"taxonomy":"category","embeddable":true,"href":"https:\/\/www.egemtv.com\/index.php?rest_route=%2Fwp%2Fv2%2Fcategories&post=20519"},{"taxonomy":"post_tag","embeddable":true,"href":"https:\/\/www.egemtv.com\/index.php?rest_route=%2Fwp%2Fv2%2Ftags&post=20519"}],"curies":[{"name":"wp","href":"https:\/\/api.w.org\/{rel}","templated":true}]}}