{"id":20513,"date":"2025-02-19T14:13:13","date_gmt":"2025-02-19T11:13:13","guid":{"rendered":"https:\/\/www.egemtv.com\/?p=20513"},"modified":"2025-02-19T14:13:23","modified_gmt":"2025-02-19T11:13:23","slug":"turizm-kongresinin-tek-davetli-belediyesi-denizli-buyuksehir-oldu","status":"publish","type":"post","link":"https:\/\/www.egemtv.com\/?p=20513","title":{"rendered":"Turizm kongresinin tek davetli belediyesi Denizli B\u00fcy\u00fck\u015fehir oldu"},"content":{"rendered":"<p>Turizm Kongresi, turizm payda\u015flar\u0131n\u0131 Antalya\u2019da bir araya getirdi.  Turizm sekt\u00f6r\u00fcn\u00fcn payda\u015flar\u0131n\u0131n kat\u0131l\u0131m sa\u011flad\u0131\u011f\u0131 bu \u00f6zel etkinli\u011fe son d\u00f6nemde turizm alan\u0131nda yapt\u0131\u011f\u0131 \u00e7al\u0131\u015fmalarla dikkat \u00e7eken Denizli B\u00fcy\u00fck\u015fehir Belediyesi davet edilen tek belediye oldu.<\/p>\n<p>17-18 \u015eubat 2025 tarihleri aras\u0131nda Antalya Gloria Golf Resort\u2019ta &#8220;E\u011fitim, \u0130leti\u015fim ve Dayan\u0131\u015fma&#8221; temalar\u0131yla d\u00fczenlenen kongreye \u00fclke genelinden seyahat acentalar\u0131, b\u00f6lge temsilcileri, sekt\u00f6rle ili\u015fkisi olan yaz\u0131l\u0131m firmalar\u0131, akademisyenler, ilgili kurum ve kurulu\u015flar\u0131n temsilcilerinden olu\u015fan yakla\u015f\u0131k bin 600 kat\u0131l\u0131mc\u0131 kat\u0131ld\u0131. Denizli B\u00fcy\u00fck\u015fehir Belediye Ba\u015fkan\u0131 B\u00fclent Nuri \u00c7avu\u015fo\u011flu\u2019nun liderli\u011finde son d\u00f6nemde turizm alan\u0131nda yapt\u0131\u011f\u0131 \u00e7al\u0131\u015fmalarla dikkatleri \u00fczerine toplayan Denizli B\u00fcy\u00fck\u015fehir Belediyesi, turizmin kalbinin att\u0131\u011f\u0131 kongreye davet edilen tek belediye oldu.<\/p>\n<p>Denizli tan\u0131t\u0131m\u0131 h\u0131z kesmiyor<br \/>\n<br \/>Denizli B\u00fcy\u00fck\u015fehir Belediyesi bu kongrede stant a\u00e7arak ilin tarihi, do\u011fal ve k\u00fclt\u00fcrel de\u011ferlerini do\u011frudan seyahat acentalar\u0131na tan\u0131tma ve ba\u011flant\u0131 kurma \u015fans\u0131 yakalad\u0131. Genel Sekreter Yard\u0131mc\u0131s\u0131 \u00d6zg\u00fcr Ba\u015fkurt\u2019un ba\u015fkanl\u0131k etti\u011fi B\u00fcy\u00fck\u015fehir Belediyesi ekibi 2 g\u00fcn boyunca yo\u011fun talep ve sorulara kar\u015f\u0131l\u0131k vererek Denizli\u2019nin turizm alan\u0131ndaki kararl\u0131l\u0131\u011f\u0131n\u0131 anlatt\u0131.<\/p>\n<p>Turizmin profesyonellerine f\u0131rsat ve imkanlar anlat\u0131ld\u0131<br \/>\n<br \/>&#8220;Turizm Kenti Denizli&#8221; \u00fcst ba\u015fl\u0131\u011f\u0131 alt\u0131nda antik kentler vurgusu ile il merkezinin de turizmden pay\u0131n\u0131 almas\u0131n\u0131 sa\u011flamak ama\u00e7l\u0131 yap\u0131lan \u00e7al\u0131\u015fmalar turizmin profesyonellerine anlat\u0131ld\u0131. \u00d6zellikle Pamukkale giri\u015fleri ve il merkezindeki otopark sorunu g\u00fcndeme getirildi. \u0130l merkezindeki tur ara\u00e7lar\u0131n\u0131n otopark sorunun \u00e7\u00f6z\u00fcld\u00fc\u011f\u00fc bilgisi ilgililerle payla\u015f\u0131ld\u0131.<br \/><\/p>\n","protected":false},"excerpt":{"rendered":"<p>Turizm Kongresi, turizm payda\u015flar\u0131n\u0131 Antalya\u2019da bir araya getirdi. Turizm sekt\u00f6r\u00fcn\u00fcn payda\u015flar\u0131n\u0131n kat\u0131l\u0131m sa\u011flad\u0131\u011f\u0131 bu \u00f6zel etkinli\u011fe son d\u00f6nemde turizm alan\u0131nda yapt\u0131\u011f\u0131 \u00e7al\u0131\u015fmalarla dikkat \u00e7eken Denizli B\u00fcy\u00fck\u015fehir Belediyesi davet edilen tek belediye oldu. 17-18 \u015eubat 2025 tarihleri aras\u0131nda Antalya Gloria Golf Resort\u2019ta &#8220;E\u011fitim, \u0130leti\u015fim ve Dayan\u0131\u015fma&#8221; temalar\u0131yla d\u00fczenlenen kongreye \u00fclke genelinden seyahat acentalar\u0131, b\u00f6lge temsilcileri, sekt\u00f6rle&#8230;<\/p>\n","protected":false},"author":1,"featured_media":20514,"comment_status":"open","ping_status":"open","sticky":false,"template":"","format":"standard","meta":{"_crdt_document":"","footnotes":""},"categories":[1],"tags":[],"class_list":["post-20513","post","type-post","status-publish","format-standard","has-post-thumbnail","hentry","category-guncel"],"_links":{"self":[{"href":"https:\/\/www.egemtv.com\/index.php?rest_route=\/wp\/v2\/posts\/20513","targetHints":{"allow":["GET"]}}],"collection":[{"href":"https:\/\/www.egemtv.com\/index.php?rest_route=\/wp\/v2\/posts"}],"about":[{"href":"https:\/\/www.egemtv.com\/index.php?rest_route=\/wp\/v2\/types\/post"}],"author":[{"embeddable":true,"href":"https:\/\/www.egemtv.com\/index.php?rest_route=\/wp\/v2\/users\/1"}],"replies":[{"embeddable":true,"href":"https:\/\/www.egemtv.com\/index.php?rest_route=%2Fwp%2Fv2%2Fcomments&post=20513"}],"version-history":[{"count":1,"href":"https:\/\/www.egemtv.com\/index.php?rest_route=\/wp\/v2\/posts\/20513\/revisions"}],"predecessor-version":[{"id":20517,"href":"https:\/\/www.egemtv.com\/index.php?rest_route=\/wp\/v2\/posts\/20513\/revisions\/20517"}],"wp:featuredmedia":[{"embeddable":true,"href":"https:\/\/www.egemtv.com\/index.php?rest_route=\/wp\/v2\/media\/20514"}],"wp:attachment":[{"href":"https:\/\/www.egemtv.com\/index.php?rest_route=%2Fwp%2Fv2%2Fmedia&parent=20513"}],"wp:term":[{"taxonomy":"category","embeddable":true,"href":"https:\/\/www.egemtv.com\/index.php?rest_route=%2Fwp%2Fv2%2Fcategories&post=20513"},{"taxonomy":"post_tag","embeddable":true,"href":"https:\/\/www.egemtv.com\/index.php?rest_route=%2Fwp%2Fv2%2Ftags&post=20513"}],"curies":[{"name":"wp","href":"https:\/\/api.w.org\/{rel}","templated":true}]}}