{"id":20510,"date":"2025-02-19T14:09:05","date_gmt":"2025-02-19T11:09:05","guid":{"rendered":"https:\/\/www.egemtv.com\/?p=20510"},"modified":"2025-02-19T14:09:10","modified_gmt":"2025-02-19T11:09:10","slug":"bodrumda-afetlere-karsi-ortak-calisma","status":"publish","type":"post","link":"https:\/\/www.egemtv.com\/?p=20510","title":{"rendered":"Bodrum\u2019da afetlere kar\u015f\u0131 ortak \u00e7al\u0131\u015fma"},"content":{"rendered":"<p>Bodrum Belediyesi ve Bodrum Kaymakaml\u0131\u011f\u0131 i\u015f birli\u011fiyle muhtemel afetlere kar\u015f\u0131 halk\u0131n bilin\u00e7lendirilmesi ve etkin bir afet y\u00f6netimi sa\u011flanmas\u0131 amac\u0131yla bilgilendirme \u00e7al\u0131\u015fmas\u0131 ger\u00e7ekle\u015ftirildi. Vatanda\u015flara afetlere haz\u0131rl\u0131k konusunda bilgi verilerek volkanik patlama ve tsunami \u00f6nlemlerine dair bro\u015f\u00fcrler da\u011f\u0131t\u0131ld\u0131.<\/p>\n<p>Bilgilendirme \u00e7al\u0131\u015fmas\u0131nda Bodrum Kaymakaml\u0131\u011f\u0131 personeli, Bodrum Belediyesi Afet \u0130\u015fleri M\u00fcd\u00fcrl\u00fc\u011f\u00fc, Saha \u00c7\u00f6z\u00fcm ve Zab\u0131ta ekipleri, Tepecik Mahalle Muhtar\u0131 Mustafa Girgin, Eski\u00e7e\u015fme Mahalle Muhtar\u0131 G\u00f6zde Sinop, Bodrum \u0130l\u00e7e Emniyet M\u00fcd\u00fcrl\u00fc\u011f\u00fc ve Jandarma Komutanl\u0131\u011f\u0131 ekipleri ile Bodrum AFAD g\u00f6n\u00fcll\u00fcleri yer ald\u0131.<\/p>\n<p>Ekipler, Bodrum merkez ba\u015fta olmak \u00fczere Turgutreis, G\u00fcm\u00fc\u015fl\u00fck, Peksimet, Derek\u00f6y, Akyarlar, Yah\u015fi, M\u00fcsgebi, G\u00fcmbet ve Bitez mahallelerinde depreme haz\u0131rl\u0131k konusunda bilgilendirme yaparak i\u015fletmelere bro\u015f\u00fcrler ast\u0131.<\/p>\n<p>Afete kar\u015f\u0131 bilin\u00e7li olman\u0131n hayati \u00f6nem ta\u015f\u0131d\u0131\u011f\u0131 vurgulan\u0131rken yar\u0131mada genelinde bilgilendirme \u00e7al\u0131\u015fmalar\u0131n\u0131n s\u00fcrece\u011fi belirtildi.<br \/><\/p>\n","protected":false},"excerpt":{"rendered":"<p>Bodrum Belediyesi ve Bodrum Kaymakaml\u0131\u011f\u0131 i\u015f birli\u011fiyle muhtemel afetlere kar\u015f\u0131 halk\u0131n bilin\u00e7lendirilmesi ve etkin bir afet y\u00f6netimi sa\u011flanmas\u0131 amac\u0131yla bilgilendirme \u00e7al\u0131\u015fmas\u0131 ger\u00e7ekle\u015ftirildi. Vatanda\u015flara afetlere haz\u0131rl\u0131k konusunda bilgi verilerek volkanik patlama ve tsunami \u00f6nlemlerine dair bro\u015f\u00fcrler da\u011f\u0131t\u0131ld\u0131. Bilgilendirme \u00e7al\u0131\u015fmas\u0131nda Bodrum Kaymakaml\u0131\u011f\u0131 personeli, Bodrum Belediyesi Afet \u0130\u015fleri M\u00fcd\u00fcrl\u00fc\u011f\u00fc, Saha \u00c7\u00f6z\u00fcm ve Zab\u0131ta ekipleri, Tepecik Mahalle Muhtar\u0131 Mustafa&#8230;<\/p>\n","protected":false},"author":1,"featured_media":20511,"comment_status":"open","ping_status":"open","sticky":false,"template":"","format":"standard","meta":{"_crdt_document":"","footnotes":""},"categories":[1],"tags":[],"class_list":["post-20510","post","type-post","status-publish","format-standard","has-post-thumbnail","hentry","category-guncel"],"_links":{"self":[{"href":"https:\/\/www.egemtv.com\/index.php?rest_route=\/wp\/v2\/posts\/20510","targetHints":{"allow":["GET"]}}],"collection":[{"href":"https:\/\/www.egemtv.com\/index.php?rest_route=\/wp\/v2\/posts"}],"about":[{"href":"https:\/\/www.egemtv.com\/index.php?rest_route=\/wp\/v2\/types\/post"}],"author":[{"embeddable":true,"href":"https:\/\/www.egemtv.com\/index.php?rest_route=\/wp\/v2\/users\/1"}],"replies":[{"embeddable":true,"href":"https:\/\/www.egemtv.com\/index.php?rest_route=%2Fwp%2Fv2%2Fcomments&post=20510"}],"version-history":[{"count":1,"href":"https:\/\/www.egemtv.com\/index.php?rest_route=\/wp\/v2\/posts\/20510\/revisions"}],"predecessor-version":[{"id":20512,"href":"https:\/\/www.egemtv.com\/index.php?rest_route=\/wp\/v2\/posts\/20510\/revisions\/20512"}],"wp:featuredmedia":[{"embeddable":true,"href":"https:\/\/www.egemtv.com\/index.php?rest_route=\/wp\/v2\/media\/20511"}],"wp:attachment":[{"href":"https:\/\/www.egemtv.com\/index.php?rest_route=%2Fwp%2Fv2%2Fmedia&parent=20510"}],"wp:term":[{"taxonomy":"category","embeddable":true,"href":"https:\/\/www.egemtv.com\/index.php?rest_route=%2Fwp%2Fv2%2Fcategories&post=20510"},{"taxonomy":"post_tag","embeddable":true,"href":"https:\/\/www.egemtv.com\/index.php?rest_route=%2Fwp%2Fv2%2Ftags&post=20510"}],"curies":[{"name":"wp","href":"https:\/\/api.w.org\/{rel}","templated":true}]}}