{"id":20507,"date":"2025-02-19T13:50:17","date_gmt":"2025-02-19T10:50:17","guid":{"rendered":"https:\/\/www.egemtv.com\/?p=20507"},"modified":"2025-02-19T13:50:23","modified_gmt":"2025-02-19T10:50:23","slug":"istanbuldan-didime-ev-almaya-geldi-kazada-hayatini-kaybetti","status":"publish","type":"post","link":"https:\/\/www.egemtv.com\/?p=20507","title":{"rendered":"\u0130stanbul\u2019dan Didim\u2019e ev almaya geldi, kazada hayat\u0131n\u0131 kaybetti"},"content":{"rendered":"<p>Ayd\u0131n\u2019\u0131n Didim il\u00e7esinde meydana gelen trafik kazas\u0131nda ticari taksinin \u00e7arpt\u0131\u011f\u0131 70 ya\u015f\u0131ndaki \u015eeyda Konuko\u011flu hayat\u0131n\u0131 kaybetti. Konuko\u011flu\u2019nun ev almak i\u00e7in e\u015fiyle birlikte Didim\u2019e geldi\u011fi \u00f6\u011frenildi.<\/p>\n<p>Kaza, Atat\u00fcrk Bulvar\u0131 \u00fczerinde meydana geldi. Edinilen bilgiye g\u00f6re, bulvar \u00fczerinde seyir halinde olan Umutcan Ren\u00e7ber\u2019in (22) kulland\u0131\u011f\u0131 09 T 7085 plakal\u0131 ticari ara\u00e7, yaya yolunda kar\u015f\u0131ya ge\u00e7meye \u00e7al\u0131\u015fan \u015eeyda Konuko\u011flu\u2019na (70) \u00e7arpt\u0131. \u00c7arpman\u0131n etkisiyle a\u011f\u0131r yaralanan Konuko\u011flu ambulansla Didim Devlet Hastanesi\u2019ne kald\u0131r\u0131ld\u0131. Konuko\u011flu, hastanede yap\u0131lan t\u00fcm m\u00fcdahalelere ra\u011fmen kurtar\u0131lamad\u0131. Kazada hayat\u0131n\u0131 kaybeden Konuko\u011flu\u2019nun \u0130stanbul\u2019da ya\u015fad\u0131\u011f\u0131, Didim\u2019den ev almak i\u00e7in e\u015fiyle birlikte il\u00e7eye geldi\u011fi \u00f6\u011frenildi.<\/p>\n<p>Taksinin ba\u015fka bir otomobille yar\u0131\u015ft\u0131\u011f\u0131 iddias\u0131<br \/>\n<br \/>Kazayla ilgili olarak soru\u015fturma ba\u015flatan Didim \u0130l\u00e7e Emniyet M\u00fcd\u00fcrl\u00fc\u011f\u00fc ekipleri g\u00fcvenlik kameralar\u0131 ve g\u00f6rg\u00fc tan\u0131klar\u0131n\u0131n ifadesi sonras\u0131nda ticari taksi \u015fof\u00f6r\u00fc ile kaza \u00f6ncesinde taksiyle yar\u0131\u015f yapt\u0131\u011f\u0131 ileri s\u00fcr\u00fclen ve makas atan bir otomobil s\u00fcr\u00fcc\u00fcs\u00fcn\u00fc de g\u00f6zalt\u0131na ald\u0131. Kazayla ilgili soru\u015fturma s\u00fcr\u00fcyor.<\/p>\n<p>Kaza an\u0131 g\u00fcvenlik kameras\u0131na yans\u0131d\u0131<br \/>\n<br \/>Kaza an\u0131 bir i\u015fyerinin g\u00fcvenlik kameras\u0131 taraf\u0131ndan g\u00f6r\u00fcnt\u00fclendi. G\u00f6r\u00fcnt\u00fclerde kad\u0131n\u0131n yolun kar\u015f\u0131s\u0131na ge\u00e7mek isterken, h\u0131zla gelen ara\u00e7 taraf\u0131ndan \u00e7arp\u0131lmas\u0131 yer al\u0131yor.<br \/><\/p>\n","protected":false},"excerpt":{"rendered":"<p>Ayd\u0131n\u2019\u0131n Didim il\u00e7esinde meydana gelen trafik kazas\u0131nda ticari taksinin \u00e7arpt\u0131\u011f\u0131 70 ya\u015f\u0131ndaki \u015eeyda Konuko\u011flu hayat\u0131n\u0131 kaybetti. Konuko\u011flu\u2019nun ev almak i\u00e7in e\u015fiyle birlikte Didim\u2019e geldi\u011fi \u00f6\u011frenildi. Kaza, Atat\u00fcrk Bulvar\u0131 \u00fczerinde meydana geldi. Edinilen bilgiye g\u00f6re, bulvar \u00fczerinde seyir halinde olan Umutcan Ren\u00e7ber\u2019in (22) kulland\u0131\u011f\u0131 09 T 7085 plakal\u0131 ticari ara\u00e7, yaya yolunda kar\u015f\u0131ya ge\u00e7meye \u00e7al\u0131\u015fan \u015eeyda&#8230;<\/p>\n","protected":false},"author":1,"featured_media":20508,"comment_status":"open","ping_status":"open","sticky":false,"template":"","format":"standard","meta":{"_crdt_document":"","footnotes":""},"categories":[5],"tags":[],"class_list":["post-20507","post","type-post","status-publish","format-standard","has-post-thumbnail","hentry","category-asayis"],"_links":{"self":[{"href":"https:\/\/www.egemtv.com\/index.php?rest_route=\/wp\/v2\/posts\/20507","targetHints":{"allow":["GET"]}}],"collection":[{"href":"https:\/\/www.egemtv.com\/index.php?rest_route=\/wp\/v2\/posts"}],"about":[{"href":"https:\/\/www.egemtv.com\/index.php?rest_route=\/wp\/v2\/types\/post"}],"author":[{"embeddable":true,"href":"https:\/\/www.egemtv.com\/index.php?rest_route=\/wp\/v2\/users\/1"}],"replies":[{"embeddable":true,"href":"https:\/\/www.egemtv.com\/index.php?rest_route=%2Fwp%2Fv2%2Fcomments&post=20507"}],"version-history":[{"count":1,"href":"https:\/\/www.egemtv.com\/index.php?rest_route=\/wp\/v2\/posts\/20507\/revisions"}],"predecessor-version":[{"id":20509,"href":"https:\/\/www.egemtv.com\/index.php?rest_route=\/wp\/v2\/posts\/20507\/revisions\/20509"}],"wp:featuredmedia":[{"embeddable":true,"href":"https:\/\/www.egemtv.com\/index.php?rest_route=\/wp\/v2\/media\/20508"}],"wp:attachment":[{"href":"https:\/\/www.egemtv.com\/index.php?rest_route=%2Fwp%2Fv2%2Fmedia&parent=20507"}],"wp:term":[{"taxonomy":"category","embeddable":true,"href":"https:\/\/www.egemtv.com\/index.php?rest_route=%2Fwp%2Fv2%2Fcategories&post=20507"},{"taxonomy":"post_tag","embeddable":true,"href":"https:\/\/www.egemtv.com\/index.php?rest_route=%2Fwp%2Fv2%2Ftags&post=20507"}],"curies":[{"name":"wp","href":"https:\/\/api.w.org\/{rel}","templated":true}]}}