{"id":20504,"date":"2025-02-19T13:15:42","date_gmt":"2025-02-19T10:15:42","guid":{"rendered":"https:\/\/www.egemtv.com\/?p=20504"},"modified":"2025-02-19T13:15:48","modified_gmt":"2025-02-19T10:15:48","slug":"turgutluda-trafik-kazasi-1-yarali","status":"publish","type":"post","link":"https:\/\/www.egemtv.com\/?p=20504","title":{"rendered":"Turgutlu\u2019da trafik kazas\u0131: 1 yaral\u0131"},"content":{"rendered":"<p>Manisa\u2019n\u0131n Turgutlu il\u00e7esinde meydana gelen trafik kazas\u0131nda 1 ki\u015fi yaraland\u0131.<br \/>\n<br \/>Kaza bug\u00fcn \u00f6\u011flen saatlerinde Turgutlu \u0130zmir yolu \u00fczeri \u00c7epnidere Mahallesi kav\u015fa\u011f\u0131nda meydana geldi. Turgutlu y\u00f6n\u00fcnden \u0130zmir istikametine giden Mustafa \u00d6. idaresindeki 45 PV 634 plakal\u0131 hafif ticari ara\u00e7 ile Turgutlu eski Manisa yolundan E-96 karayoluna \u00e7\u0131kan Z\u00fcbeyde E. idaresindeki 45 ZC 4116 plakal\u0131 otomobille \u00e7arp\u0131\u015ft\u0131.<br \/>\n<br \/>Kazan\u0131n 112 \u00c7a\u011fr\u0131 Merkezine bildirilmesi \u00fczerine kaza yerine acil sa\u011fl\u0131k ve polis ekipleri sevk edilirken, kazada yaralanan s\u00fcr\u00fcc\u00fc Z\u00fcbeyde E. ilk m\u00fcdahalenin ard\u0131ndan sa\u011fl\u0131k ekipleri taraf\u0131ndan Turgutlu Devlet Hastanesine g\u00f6t\u00fcr\u00fcld\u00fc. Kazayla ilgili polis ekipleri inceleme ba\u015flatt\u0131.<br \/><\/p>\n","protected":false},"excerpt":{"rendered":"<p>Manisa\u2019n\u0131n Turgutlu il\u00e7esinde meydana gelen trafik kazas\u0131nda 1 ki\u015fi yaraland\u0131. Kaza bug\u00fcn \u00f6\u011flen saatlerinde Turgutlu \u0130zmir yolu \u00fczeri \u00c7epnidere Mahallesi kav\u015fa\u011f\u0131nda meydana geldi. Turgutlu y\u00f6n\u00fcnden \u0130zmir istikametine giden Mustafa \u00d6. idaresindeki 45 PV 634 plakal\u0131 hafif ticari ara\u00e7 ile Turgutlu eski Manisa yolundan E-96 karayoluna \u00e7\u0131kan Z\u00fcbeyde E. idaresindeki 45 ZC 4116 plakal\u0131 otomobille \u00e7arp\u0131\u015ft\u0131&#8230;.<\/p>\n","protected":false},"author":1,"featured_media":20505,"comment_status":"open","ping_status":"open","sticky":false,"template":"","format":"standard","meta":{"_crdt_document":"","footnotes":""},"categories":[5],"tags":[],"class_list":["post-20504","post","type-post","status-publish","format-standard","has-post-thumbnail","hentry","category-asayis"],"_links":{"self":[{"href":"https:\/\/www.egemtv.com\/index.php?rest_route=\/wp\/v2\/posts\/20504","targetHints":{"allow":["GET"]}}],"collection":[{"href":"https:\/\/www.egemtv.com\/index.php?rest_route=\/wp\/v2\/posts"}],"about":[{"href":"https:\/\/www.egemtv.com\/index.php?rest_route=\/wp\/v2\/types\/post"}],"author":[{"embeddable":true,"href":"https:\/\/www.egemtv.com\/index.php?rest_route=\/wp\/v2\/users\/1"}],"replies":[{"embeddable":true,"href":"https:\/\/www.egemtv.com\/index.php?rest_route=%2Fwp%2Fv2%2Fcomments&post=20504"}],"version-history":[{"count":1,"href":"https:\/\/www.egemtv.com\/index.php?rest_route=\/wp\/v2\/posts\/20504\/revisions"}],"predecessor-version":[{"id":20506,"href":"https:\/\/www.egemtv.com\/index.php?rest_route=\/wp\/v2\/posts\/20504\/revisions\/20506"}],"wp:featuredmedia":[{"embeddable":true,"href":"https:\/\/www.egemtv.com\/index.php?rest_route=\/wp\/v2\/media\/20505"}],"wp:attachment":[{"href":"https:\/\/www.egemtv.com\/index.php?rest_route=%2Fwp%2Fv2%2Fmedia&parent=20504"}],"wp:term":[{"taxonomy":"category","embeddable":true,"href":"https:\/\/www.egemtv.com\/index.php?rest_route=%2Fwp%2Fv2%2Fcategories&post=20504"},{"taxonomy":"post_tag","embeddable":true,"href":"https:\/\/www.egemtv.com\/index.php?rest_route=%2Fwp%2Fv2%2Ftags&post=20504"}],"curies":[{"name":"wp","href":"https:\/\/api.w.org\/{rel}","templated":true}]}}