{"id":20290,"date":"2025-02-19T09:58:28","date_gmt":"2025-02-19T06:58:28","guid":{"rendered":"https:\/\/www.egemtv.com\/?p=20290"},"modified":"2025-02-19T09:58:32","modified_gmt":"2025-02-19T06:58:32","slug":"manisanin-fatihi-saruhanbeye-buyuk-saygisizlik","status":"publish","type":"post","link":"https:\/\/www.egemtv.com\/?p=20290","title":{"rendered":"Manisa\u2019n\u0131n Fatihi Saruhanbey\u2019e b\u00fcy\u00fck sayg\u0131s\u0131zl\u0131k"},"content":{"rendered":"<p>Manisa\u2019y\u0131 1313 y\u0131l\u0131nda fethederek T\u00fcrk yurdu yapan Alpagu O\u011flu Saruhan Bey\u2019in \u015fehir merkezinde bulunan t\u00fcrbesinin ah\u015fap kap\u0131s\u0131 kimli\u011fi belirsiz ki\u015fi veya ki\u015filerce par\u00e7aland\u0131. Orijinal kap\u0131s\u0131n\u0131n b\u00fcy\u00fck yang\u0131nda yand\u0131\u011f\u0131 ve par\u00e7alanan kap\u0131n\u0131n ise 1960\u2019l\u0131 y\u0131llarda yap\u0131ld\u0131\u011f\u0131 \u00f6\u011frenildi.<br \/>\n<br \/>Manisa\u2019y\u0131 T\u00fcrk yurdu yapan ve kendi ad\u0131yla kurdu\u011fu beyli\u011fin ba\u015fkenti olarak say\u0131s\u0131z eserle donat\u0131lan Manisa\u2019da 1346 y\u0131l\u0131nda vefat eden Alpagu O\u011flu Saruhan Bey\u2019in \u015eehzadeler il\u00e7esinde bulunan t\u00fcrbesinin ah\u015fap kap\u0131s\u0131 kendini bilmez ki\u015fi veya ki\u015filerce par\u00e7aland\u0131. Muradiye ve Sultan camilerinin aras\u0131nda kalan t\u00fcrbenin 1960\u2019l\u0131 y\u0131llarda yap\u0131lan ah\u015fap kap\u0131s\u0131n\u0131n daha \u00f6nce de zarar g\u00f6rmesine ra\u011fmen t\u00fcrbe ve \u00e7evresinde g\u00fcvenlik kameras\u0131 bulunmamas\u0131 bu t\u00fcr olaylara davetiye \u00e7\u0131kar\u0131yor.<br \/>\n<br \/>T\u00fcrbenin orijinal kap\u0131s\u0131n\u0131n Yunan askerlerinin 1922 y\u0131l\u0131nda \u015fehirden ka\u00e7arken \u00e7\u0131kard\u0131klar\u0131 yang\u0131nda k\u00fcle d\u00f6nd\u00fc\u011f\u00fc \u00f6\u011frenilirken, harabe durumda halan t\u00fcrbe 1960\u2019l\u0131 y\u0131llarda restore edilerek aya\u011fa kald\u0131r\u0131ld\u0131. Yanan kap\u0131 yerine de yine geometrik i\u015flemeleri bir kap\u0131 yap\u0131ld\u0131. Sorumlulu\u011fu Vak\u0131flar Genel M\u00fcd\u00fcrl\u00fc\u011f\u00fcnde olan t\u00fcrbenin zarar g\u00f6ren kap\u0131s\u0131n\u0131n \u00f6n\u00fcm\u00fczdeki g\u00fcnlerde \u00e7\u0131kar\u0131laca\u011f\u0131 ve yerine ge\u00e7ici olarak demir bir kap\u0131 tak\u0131laca\u011f\u0131 \u00f6\u011frenildi. T\u00fcrbenin orijinal kap\u0131s\u0131n\u0131n eski foto\u011fraflardan yola \u00e7\u0131k\u0131larak Manisa \u0130l K\u00fclt\u00fcr ve Turizm M\u00fcd\u00fcr\u00fc \u0130brahim Sudak taraf\u0131ndan bir k\u00fcndekari ustas\u0131na yapt\u0131r\u0131ld\u0131\u011f\u0131 ve tamamland\u0131ktan sonra t\u00fcrbeye yerle\u015ftirilece\u011fi \u00f6\u011frenildi.<\/p>\n<p>Tedbirlerin art\u0131r\u0131lmas\u0131n\u0131 istiyoruz<br \/>\n<br \/>Manisa\u2019n\u0131n en eski yerle\u015fim yerlerinden biri olduklar\u0131n\u0131 ve Manisa\u2019y\u0131 T\u00fcrk Yurdu yapan Saruhanbey\u2019in t\u00fcrbesinin de kendi mahallelerinde bulundu\u011funu anlatan Saruhan Mahallesi Muhtar\u0131 \u0130brahim Tellio\u011flu, &#8220;Bundan bir ka\u00e7 hafta \u00f6nce kimli\u011fi belirsiz ki\u015filerce zarar verilmi\u015f bir kap\u0131m\u0131z var. Bu durumu Vak\u0131flar \u0130zmir B\u00f6lge M\u00fcd\u00fcrl\u00fc\u011f\u00fcne ve emniyete ilettik. Emniyette bununla alakal\u0131 tutanak tuttu. Bununla ilgili s\u00fcrecin h\u0131zlanmas\u0131n\u0131 talep ediyoruz. Emniyetteki g\u00f6revliler bug\u00fcn gelerek tekrar inceleme yapt\u0131. S\u00fcrecin h\u0131zlanmas\u0131 i\u00e7in elimizden geleni yapaca\u011f\u0131z. Kamera sistemi tak\u0131lmas\u0131 laz\u0131m ve devriyelerin art\u0131r\u0131lmas\u0131 gerekiyor. Buras\u0131 bizim kendi de\u011ferimiz, Saruhanbey T\u00fcrbesi. Bununla ilgili daha duyarl\u0131 olunmas\u0131 laz\u0131m. \u00d6ncelikle bu s\u00fcrecin h\u0131zlanmas\u0131n\u0131 istiyoruz, kamera sistemi ve MOBESE\u2019nin olmay\u0131\u015f\u0131 buran\u0131n g\u00fcvenli\u011fi i\u00e7in \u00f6nemli bir sorun. \u0130n\u015fallah en k\u0131sa zamanda bunu yerine getirirler biz de mahalle olarak daha rahat daha sakin bir ya\u015fam s\u00fcreriz diye umut ediyorum&#8221; dedi.<br \/><\/p>\n","protected":false},"excerpt":{"rendered":"<p>Manisa\u2019y\u0131 1313 y\u0131l\u0131nda fethederek T\u00fcrk yurdu yapan Alpagu O\u011flu Saruhan Bey\u2019in \u015fehir merkezinde bulunan t\u00fcrbesinin ah\u015fap kap\u0131s\u0131 kimli\u011fi belirsiz ki\u015fi veya ki\u015filerce par\u00e7aland\u0131. Orijinal kap\u0131s\u0131n\u0131n b\u00fcy\u00fck yang\u0131nda yand\u0131\u011f\u0131 ve par\u00e7alanan kap\u0131n\u0131n ise 1960\u2019l\u0131 y\u0131llarda yap\u0131ld\u0131\u011f\u0131 \u00f6\u011frenildi. Manisa\u2019y\u0131 T\u00fcrk yurdu yapan ve kendi ad\u0131yla kurdu\u011fu beyli\u011fin ba\u015fkenti olarak say\u0131s\u0131z eserle donat\u0131lan Manisa\u2019da 1346 y\u0131l\u0131nda vefat eden&#8230;<\/p>\n","protected":false},"author":1,"featured_media":20291,"comment_status":"open","ping_status":"open","sticky":false,"template":"","format":"standard","meta":{"_crdt_document":"","footnotes":""},"categories":[1],"tags":[],"class_list":["post-20290","post","type-post","status-publish","format-standard","has-post-thumbnail","hentry","category-guncel"],"_links":{"self":[{"href":"https:\/\/www.egemtv.com\/index.php?rest_route=\/wp\/v2\/posts\/20290","targetHints":{"allow":["GET"]}}],"collection":[{"href":"https:\/\/www.egemtv.com\/index.php?rest_route=\/wp\/v2\/posts"}],"about":[{"href":"https:\/\/www.egemtv.com\/index.php?rest_route=\/wp\/v2\/types\/post"}],"author":[{"embeddable":true,"href":"https:\/\/www.egemtv.com\/index.php?rest_route=\/wp\/v2\/users\/1"}],"replies":[{"embeddable":true,"href":"https:\/\/www.egemtv.com\/index.php?rest_route=%2Fwp%2Fv2%2Fcomments&post=20290"}],"version-history":[{"count":1,"href":"https:\/\/www.egemtv.com\/index.php?rest_route=\/wp\/v2\/posts\/20290\/revisions"}],"predecessor-version":[{"id":20295,"href":"https:\/\/www.egemtv.com\/index.php?rest_route=\/wp\/v2\/posts\/20290\/revisions\/20295"}],"wp:featuredmedia":[{"embeddable":true,"href":"https:\/\/www.egemtv.com\/index.php?rest_route=\/wp\/v2\/media\/20291"}],"wp:attachment":[{"href":"https:\/\/www.egemtv.com\/index.php?rest_route=%2Fwp%2Fv2%2Fmedia&parent=20290"}],"wp:term":[{"taxonomy":"category","embeddable":true,"href":"https:\/\/www.egemtv.com\/index.php?rest_route=%2Fwp%2Fv2%2Fcategories&post=20290"},{"taxonomy":"post_tag","embeddable":true,"href":"https:\/\/www.egemtv.com\/index.php?rest_route=%2Fwp%2Fv2%2Ftags&post=20290"}],"curies":[{"name":"wp","href":"https:\/\/api.w.org\/{rel}","templated":true}]}}