{"id":20276,"date":"2025-02-19T09:46:22","date_gmt":"2025-02-19T06:46:22","guid":{"rendered":"https:\/\/www.egemtv.com\/?p=20276"},"modified":"2025-02-19T09:46:29","modified_gmt":"2025-02-19T06:46:29","slug":"aydin-ve-denizlide-aranan-sahis-muglada-yakalandi","status":"publish","type":"post","link":"https:\/\/www.egemtv.com\/?p=20276","title":{"rendered":"Ayd\u0131n ve Denizli\u2019de aranan \u015fah\u0131s Mu\u011fla\u2019da yakaland\u0131"},"content":{"rendered":"<p>Ayd\u0131n ve Denizli\u2019de toplam 5 ayr\u0131 su\u00e7tan aranan \u015fah\u0131s, Ayd\u0131n \u0130l Jandarmas\u0131 Komutanl\u0131\u011f\u0131nca yap\u0131lan koordineli \u00e7al\u0131\u015fmada Mu\u011fla\u2019da yakaland\u0131.<\/p>\n<p>Ayd\u0131n \u0130l Jandarma Komutanl\u0131\u011f\u0131 JASAT ekibi taraf\u0131ndan uzun s\u00fcredir nitelikli su\u00e7lardan aranan \u015fah\u0131slara y\u00f6nelik \u00e7al\u0131\u015fma ger\u00e7ekle\u015ftirdi. Edinilen bilgiye g\u00f6re Ayd\u0131n ve Denizli illerinde 5 su\u00e7tan aranan ve toplam 12 y\u0131l 8 ay hapis cezas\u0131 bulunan M.B. (37) isimli \u015fah\u0131s yap\u0131lan detayl\u0131 ara\u015ft\u0131rma sonucu Mu\u011fla\u2019n\u0131n Milas il\u00e7esinde ilgili yer g\u00fcvenlik kuvveti ile koordine kurularak yakaland\u0131. G\u00f6zalt\u0131na al\u0131nan M.B., i\u015flemlerinin ard\u0131ndan sevk edildi\u011fi adli makamlarca tutuklanarak cezaevine g\u00f6nderildi.<br \/><\/p>\n","protected":false},"excerpt":{"rendered":"<p>Ayd\u0131n ve Denizli\u2019de toplam 5 ayr\u0131 su\u00e7tan aranan \u015fah\u0131s, Ayd\u0131n \u0130l Jandarmas\u0131 Komutanl\u0131\u011f\u0131nca yap\u0131lan koordineli \u00e7al\u0131\u015fmada Mu\u011fla\u2019da yakaland\u0131. Ayd\u0131n \u0130l Jandarma Komutanl\u0131\u011f\u0131 JASAT ekibi taraf\u0131ndan uzun s\u00fcredir nitelikli su\u00e7lardan aranan \u015fah\u0131slara y\u00f6nelik \u00e7al\u0131\u015fma ger\u00e7ekle\u015ftirdi. Edinilen bilgiye g\u00f6re Ayd\u0131n ve Denizli illerinde 5 su\u00e7tan aranan ve toplam 12 y\u0131l 8 ay hapis cezas\u0131 bulunan M.B. (37)&#8230;<\/p>\n","protected":false},"author":1,"featured_media":20277,"comment_status":"open","ping_status":"open","sticky":false,"template":"","format":"standard","meta":{"_crdt_document":"","footnotes":""},"categories":[5],"tags":[],"class_list":["post-20276","post","type-post","status-publish","format-standard","has-post-thumbnail","hentry","category-asayis"],"_links":{"self":[{"href":"https:\/\/www.egemtv.com\/index.php?rest_route=\/wp\/v2\/posts\/20276","targetHints":{"allow":["GET"]}}],"collection":[{"href":"https:\/\/www.egemtv.com\/index.php?rest_route=\/wp\/v2\/posts"}],"about":[{"href":"https:\/\/www.egemtv.com\/index.php?rest_route=\/wp\/v2\/types\/post"}],"author":[{"embeddable":true,"href":"https:\/\/www.egemtv.com\/index.php?rest_route=\/wp\/v2\/users\/1"}],"replies":[{"embeddable":true,"href":"https:\/\/www.egemtv.com\/index.php?rest_route=%2Fwp%2Fv2%2Fcomments&post=20276"}],"version-history":[{"count":1,"href":"https:\/\/www.egemtv.com\/index.php?rest_route=\/wp\/v2\/posts\/20276\/revisions"}],"predecessor-version":[{"id":20278,"href":"https:\/\/www.egemtv.com\/index.php?rest_route=\/wp\/v2\/posts\/20276\/revisions\/20278"}],"wp:featuredmedia":[{"embeddable":true,"href":"https:\/\/www.egemtv.com\/index.php?rest_route=\/wp\/v2\/media\/20277"}],"wp:attachment":[{"href":"https:\/\/www.egemtv.com\/index.php?rest_route=%2Fwp%2Fv2%2Fmedia&parent=20276"}],"wp:term":[{"taxonomy":"category","embeddable":true,"href":"https:\/\/www.egemtv.com\/index.php?rest_route=%2Fwp%2Fv2%2Fcategories&post=20276"},{"taxonomy":"post_tag","embeddable":true,"href":"https:\/\/www.egemtv.com\/index.php?rest_route=%2Fwp%2Fv2%2Ftags&post=20276"}],"curies":[{"name":"wp","href":"https:\/\/api.w.org\/{rel}","templated":true}]}}