{"id":20264,"date":"2025-02-19T09:41:09","date_gmt":"2025-02-19T06:41:09","guid":{"rendered":"https:\/\/www.egemtv.com\/?p=20264"},"modified":"2025-02-19T09:41:14","modified_gmt":"2025-02-19T06:41:14","slug":"kocarlida-vatandaslara-doga-sevgisi-anlatildi","status":"publish","type":"post","link":"https:\/\/www.egemtv.com\/?p=20264","title":{"rendered":"Ko\u00e7arl\u0131\u2019da vatanda\u015flara do\u011fa sevgisi anlat\u0131ld\u0131"},"content":{"rendered":"<p>Ayd\u0131n\u2019\u0131n Ko\u00e7arl\u0131 il\u00e7esinde bulunan vatanda\u015flara jandarma taraf\u0131ndan \u00e7evre bilinci ve do\u011fa sevgisi anlat\u0131ld\u0131.<\/p>\n<p>Ayd\u0131n \u0130l Jandarma Komutanl\u0131\u011f\u0131 \u00c7evre, Do\u011fa ve Hayvanlar\u0131 Koruma Tim Komutanl\u0131\u011f\u0131 ve Ko\u00e7arl\u0131 \u0130l\u00e7e Jandarma Komutanl\u0131\u011f\u0131 personelince Yenik\u00f6y Mahallesi\u2019nde bulunan vatanda\u015flara  \u00e7evre bilinci ve do\u011fa sevgisi a\u015f\u0131lamak amac\u0131yla  geri d\u00f6n\u00fc\u015f\u00fcm\u00fcn nas\u0131l yap\u0131ld\u0131\u011f\u0131 ve \u00f6nemi g\u00fcnl\u00fck kullan\u0131mda nelerin geri d\u00f6n\u00fc\u015f\u00fcm olabilece\u011fi, geri d\u00f6n\u00fc\u015f\u00fcm\u00fcn \u00fclkemiz ekonomisine katk\u0131s\u0131 ve gelecek nesillerin daha bilin\u00e7li olmas\u0131 i\u00e7in  &#8220;Temiz \u0130nsan, Temiz Do\u011fa&#8221; mottosuyla geri d\u00f6n\u00fc\u015f\u00fcm, kat\u0131 at\u0131k y\u00f6ntemi ve do\u011fa sevgisi anlat\u0131ld\u0131.<br \/><\/p>\n","protected":false},"excerpt":{"rendered":"<p>Ayd\u0131n\u2019\u0131n Ko\u00e7arl\u0131 il\u00e7esinde bulunan vatanda\u015flara jandarma taraf\u0131ndan \u00e7evre bilinci ve do\u011fa sevgisi anlat\u0131ld\u0131. Ayd\u0131n \u0130l Jandarma Komutanl\u0131\u011f\u0131 \u00c7evre, Do\u011fa ve Hayvanlar\u0131 Koruma Tim Komutanl\u0131\u011f\u0131 ve Ko\u00e7arl\u0131 \u0130l\u00e7e Jandarma Komutanl\u0131\u011f\u0131 personelince Yenik\u00f6y Mahallesi\u2019nde bulunan vatanda\u015flara \u00e7evre bilinci ve do\u011fa sevgisi a\u015f\u0131lamak amac\u0131yla geri d\u00f6n\u00fc\u015f\u00fcm\u00fcn nas\u0131l yap\u0131ld\u0131\u011f\u0131 ve \u00f6nemi g\u00fcnl\u00fck kullan\u0131mda nelerin geri d\u00f6n\u00fc\u015f\u00fcm olabilece\u011fi, geri d\u00f6n\u00fc\u015f\u00fcm\u00fcn&#8230;<\/p>\n","protected":false},"author":1,"featured_media":20265,"comment_status":"open","ping_status":"open","sticky":false,"template":"","format":"standard","meta":{"_crdt_document":"","footnotes":""},"categories":[1],"tags":[],"class_list":["post-20264","post","type-post","status-publish","format-standard","has-post-thumbnail","hentry","category-guncel"],"_links":{"self":[{"href":"https:\/\/www.egemtv.com\/index.php?rest_route=\/wp\/v2\/posts\/20264","targetHints":{"allow":["GET"]}}],"collection":[{"href":"https:\/\/www.egemtv.com\/index.php?rest_route=\/wp\/v2\/posts"}],"about":[{"href":"https:\/\/www.egemtv.com\/index.php?rest_route=\/wp\/v2\/types\/post"}],"author":[{"embeddable":true,"href":"https:\/\/www.egemtv.com\/index.php?rest_route=\/wp\/v2\/users\/1"}],"replies":[{"embeddable":true,"href":"https:\/\/www.egemtv.com\/index.php?rest_route=%2Fwp%2Fv2%2Fcomments&post=20264"}],"version-history":[{"count":1,"href":"https:\/\/www.egemtv.com\/index.php?rest_route=\/wp\/v2\/posts\/20264\/revisions"}],"predecessor-version":[{"id":20268,"href":"https:\/\/www.egemtv.com\/index.php?rest_route=\/wp\/v2\/posts\/20264\/revisions\/20268"}],"wp:featuredmedia":[{"embeddable":true,"href":"https:\/\/www.egemtv.com\/index.php?rest_route=\/wp\/v2\/media\/20265"}],"wp:attachment":[{"href":"https:\/\/www.egemtv.com\/index.php?rest_route=%2Fwp%2Fv2%2Fmedia&parent=20264"}],"wp:term":[{"taxonomy":"category","embeddable":true,"href":"https:\/\/www.egemtv.com\/index.php?rest_route=%2Fwp%2Fv2%2Fcategories&post=20264"},{"taxonomy":"post_tag","embeddable":true,"href":"https:\/\/www.egemtv.com\/index.php?rest_route=%2Fwp%2Fv2%2Ftags&post=20264"}],"curies":[{"name":"wp","href":"https:\/\/api.w.org\/{rel}","templated":true}]}}