{"id":20261,"date":"2025-02-19T09:34:06","date_gmt":"2025-02-19T06:34:06","guid":{"rendered":"https:\/\/www.egemtv.com\/?p=20261"},"modified":"2025-02-19T09:34:11","modified_gmt":"2025-02-19T06:34:11","slug":"nazillide-sahte-icki-uretimine-jandarma-engeli","status":"publish","type":"post","link":"https:\/\/www.egemtv.com\/?p=20261","title":{"rendered":"Nazilli\u2019de sahte i\u00e7ki \u00fcretimine jandarma engeli"},"content":{"rendered":"<p>Ayd\u0131n\u2019\u0131n Nazilli il\u00e7esinde sahte alkol \u00fcretimi yap\u0131lan adrese d\u00fczenlenen bask\u0131nda 1 \u015f\u00fcpheli yakaland\u0131, 335 litre el yap\u0131m\u0131 i\u00e7ki ele ge\u00e7irildi.<\/p>\n<p>Ayd\u0131n \u0130l Jandarma Komutanl\u0131\u011f\u0131 KOM \u015eube M\u00fcd\u00fcrl\u00fc\u011f\u00fc ve Nazilli \u0130l\u00e7e Jandarma Komutanl\u0131\u011f\u0131nca koordineli \u00e7al\u0131\u015fma ger\u00e7ekle\u015ftirildi. Edinilen bilgiye g\u00f6re jandarma ekipleri, C.T. isimli \u015fahs\u0131n, Nazilli il\u00e7esinde sahte i\u00e7ki \u00fcretip satt\u0131\u011f\u0131n\u0131 tespit etti. Belirlenen adrese d\u00fczenlenen bask\u0131nda C.T. isimli \u015f\u00fcpheli yakalan\u0131rken, yap\u0131lan aramada 335 litre el yap\u0131m\u0131 i\u00e7ki ele ge\u00e7irildi. G\u00f6zalt\u0131na al\u0131nan \u015f\u00fcpheli hakk\u0131nda ba\u015flat\u0131lan adli s\u00fcre\u00e7 devam ediyor.<br \/><\/p>\n","protected":false},"excerpt":{"rendered":"<p>Ayd\u0131n\u2019\u0131n Nazilli il\u00e7esinde sahte alkol \u00fcretimi yap\u0131lan adrese d\u00fczenlenen bask\u0131nda 1 \u015f\u00fcpheli yakaland\u0131, 335 litre el yap\u0131m\u0131 i\u00e7ki ele ge\u00e7irildi. Ayd\u0131n \u0130l Jandarma Komutanl\u0131\u011f\u0131 KOM \u015eube M\u00fcd\u00fcrl\u00fc\u011f\u00fc ve Nazilli \u0130l\u00e7e Jandarma Komutanl\u0131\u011f\u0131nca koordineli \u00e7al\u0131\u015fma ger\u00e7ekle\u015ftirildi. Edinilen bilgiye g\u00f6re jandarma ekipleri, C.T. isimli \u015fahs\u0131n, Nazilli il\u00e7esinde sahte i\u00e7ki \u00fcretip satt\u0131\u011f\u0131n\u0131 tespit etti. Belirlenen adrese d\u00fczenlenen bask\u0131nda&#8230;<\/p>\n","protected":false},"author":1,"featured_media":20262,"comment_status":"open","ping_status":"open","sticky":false,"template":"","format":"standard","meta":{"_crdt_document":"","footnotes":""},"categories":[5],"tags":[],"class_list":["post-20261","post","type-post","status-publish","format-standard","has-post-thumbnail","hentry","category-asayis"],"_links":{"self":[{"href":"https:\/\/www.egemtv.com\/index.php?rest_route=\/wp\/v2\/posts\/20261","targetHints":{"allow":["GET"]}}],"collection":[{"href":"https:\/\/www.egemtv.com\/index.php?rest_route=\/wp\/v2\/posts"}],"about":[{"href":"https:\/\/www.egemtv.com\/index.php?rest_route=\/wp\/v2\/types\/post"}],"author":[{"embeddable":true,"href":"https:\/\/www.egemtv.com\/index.php?rest_route=\/wp\/v2\/users\/1"}],"replies":[{"embeddable":true,"href":"https:\/\/www.egemtv.com\/index.php?rest_route=%2Fwp%2Fv2%2Fcomments&post=20261"}],"version-history":[{"count":1,"href":"https:\/\/www.egemtv.com\/index.php?rest_route=\/wp\/v2\/posts\/20261\/revisions"}],"predecessor-version":[{"id":20263,"href":"https:\/\/www.egemtv.com\/index.php?rest_route=\/wp\/v2\/posts\/20261\/revisions\/20263"}],"wp:featuredmedia":[{"embeddable":true,"href":"https:\/\/www.egemtv.com\/index.php?rest_route=\/wp\/v2\/media\/20262"}],"wp:attachment":[{"href":"https:\/\/www.egemtv.com\/index.php?rest_route=%2Fwp%2Fv2%2Fmedia&parent=20261"}],"wp:term":[{"taxonomy":"category","embeddable":true,"href":"https:\/\/www.egemtv.com\/index.php?rest_route=%2Fwp%2Fv2%2Fcategories&post=20261"},{"taxonomy":"post_tag","embeddable":true,"href":"https:\/\/www.egemtv.com\/index.php?rest_route=%2Fwp%2Fv2%2Ftags&post=20261"}],"curies":[{"name":"wp","href":"https:\/\/api.w.org\/{rel}","templated":true}]}}