{"id":20258,"date":"2025-02-19T09:32:38","date_gmt":"2025-02-19T06:32:38","guid":{"rendered":"https:\/\/www.egemtv.com\/?p=20258"},"modified":"2025-02-19T09:32:43","modified_gmt":"2025-02-19T06:32:43","slug":"koycegizde-ureticiler-bilgilendirildi","status":"publish","type":"post","link":"https:\/\/www.egemtv.com\/?p=20258","title":{"rendered":"K\u00f6yce\u011fiz\u2019de \u00fcreticiler bilgilendirildi"},"content":{"rendered":"<p>Mu\u011fla\u2019n\u0131n K\u00f6yce\u011fiz il\u00e7esi Hamitk\u00f6y Mahallesi\u2019nde TARS\u0130M B\u00f6lge M\u00fcd\u00fcr\u00fcn\u00fcn de kat\u0131l\u0131mlar\u0131yla birlikte \u00fcreticilere y\u00f6nelik toplant\u0131 ger\u00e7ekle\u015ftirildi.<\/p>\n<p>K\u00f6yce\u011fiz \u0130l\u00e7e Tar\u0131m ve Orman M\u00fcd\u00fcrl\u00fc\u011f\u00fc koordinesinde d\u00fczenlenen 2025 Y\u0131l\u0131 TARS\u0130M toplant\u0131s\u0131 Hamitk\u00f6y Mahallesi\u2019nde yap\u0131ld\u0131. Toplant\u0131da, tar\u0131m sigortalar\u0131n\u0131n \u00f6nemi, \u00e7ift\u00e7ilerin do\u011fal afetlere ve \u00e7e\u015fitli risklere kar\u015f\u0131 nas\u0131l korunabilece\u011fi gibi konular ele al\u0131nd\u0131. Yetkililer, \u00f6zellikle iklim de\u011fi\u015fikli\u011fi ve ani hava olaylar\u0131n\u0131n tar\u0131msal \u00fcretim \u00fczerindeki olumsuz etkilerine dikkat \u00e7ekerek, \u00e7ift\u00e7ilerin \u00fcr\u00fcnlerini g\u00fcvence alt\u0131na almalar\u0131n\u0131n gereklili\u011fini vurgulad\u0131. Tar\u0131m sigortas\u0131yla ilgili detaylar\u0131n payla\u015f\u0131ld\u0131\u011f\u0131 toplant\u0131da, \u00e7ift\u00e7ilere TARS\u0130M\u2019in sundu\u011fu avantajlar hakk\u0131nda bilgilendirme yap\u0131ld\u0131. \u00c7ift\u00e7ilerin, dolu, don, sel, kurakl\u0131k ve yang\u0131n gibi do\u011fal afetlerden korunmalar\u0131 i\u00e7in sigorta sistemine kat\u0131lmalar\u0131n\u0131n \u00f6nemi anlat\u0131ld\u0131. K\u00f6yce\u011fiz \u0130l\u00e7e Tar\u0131m ve Orman M\u00fcd\u00fcrl\u00fc\u011f\u00fc yetkilileri, sigorta prim destekleri ve ba\u015fvuru s\u00fcre\u00e7leriyle ilgili de \u00fcreticilere detayl\u0131 bilgi verdi.<br \/><\/p>\n","protected":false},"excerpt":{"rendered":"<p>Mu\u011fla\u2019n\u0131n K\u00f6yce\u011fiz il\u00e7esi Hamitk\u00f6y Mahallesi\u2019nde TARS\u0130M B\u00f6lge M\u00fcd\u00fcr\u00fcn\u00fcn de kat\u0131l\u0131mlar\u0131yla birlikte \u00fcreticilere y\u00f6nelik toplant\u0131 ger\u00e7ekle\u015ftirildi. K\u00f6yce\u011fiz \u0130l\u00e7e Tar\u0131m ve Orman M\u00fcd\u00fcrl\u00fc\u011f\u00fc koordinesinde d\u00fczenlenen 2025 Y\u0131l\u0131 TARS\u0130M toplant\u0131s\u0131 Hamitk\u00f6y Mahallesi\u2019nde yap\u0131ld\u0131. Toplant\u0131da, tar\u0131m sigortalar\u0131n\u0131n \u00f6nemi, \u00e7ift\u00e7ilerin do\u011fal afetlere ve \u00e7e\u015fitli risklere kar\u015f\u0131 nas\u0131l korunabilece\u011fi gibi konular ele al\u0131nd\u0131. Yetkililer, \u00f6zellikle iklim de\u011fi\u015fikli\u011fi ve ani hava olaylar\u0131n\u0131n&#8230;<\/p>\n","protected":false},"author":1,"featured_media":20259,"comment_status":"open","ping_status":"open","sticky":false,"template":"","format":"standard","meta":{"_crdt_document":"","footnotes":""},"categories":[1],"tags":[],"class_list":["post-20258","post","type-post","status-publish","format-standard","has-post-thumbnail","hentry","category-guncel"],"_links":{"self":[{"href":"https:\/\/www.egemtv.com\/index.php?rest_route=\/wp\/v2\/posts\/20258","targetHints":{"allow":["GET"]}}],"collection":[{"href":"https:\/\/www.egemtv.com\/index.php?rest_route=\/wp\/v2\/posts"}],"about":[{"href":"https:\/\/www.egemtv.com\/index.php?rest_route=\/wp\/v2\/types\/post"}],"author":[{"embeddable":true,"href":"https:\/\/www.egemtv.com\/index.php?rest_route=\/wp\/v2\/users\/1"}],"replies":[{"embeddable":true,"href":"https:\/\/www.egemtv.com\/index.php?rest_route=%2Fwp%2Fv2%2Fcomments&post=20258"}],"version-history":[{"count":1,"href":"https:\/\/www.egemtv.com\/index.php?rest_route=\/wp\/v2\/posts\/20258\/revisions"}],"predecessor-version":[{"id":20260,"href":"https:\/\/www.egemtv.com\/index.php?rest_route=\/wp\/v2\/posts\/20258\/revisions\/20260"}],"wp:featuredmedia":[{"embeddable":true,"href":"https:\/\/www.egemtv.com\/index.php?rest_route=\/wp\/v2\/media\/20259"}],"wp:attachment":[{"href":"https:\/\/www.egemtv.com\/index.php?rest_route=%2Fwp%2Fv2%2Fmedia&parent=20258"}],"wp:term":[{"taxonomy":"category","embeddable":true,"href":"https:\/\/www.egemtv.com\/index.php?rest_route=%2Fwp%2Fv2%2Fcategories&post=20258"},{"taxonomy":"post_tag","embeddable":true,"href":"https:\/\/www.egemtv.com\/index.php?rest_route=%2Fwp%2Fv2%2Ftags&post=20258"}],"curies":[{"name":"wp","href":"https:\/\/api.w.org\/{rel}","templated":true}]}}