{"id":20252,"date":"2025-02-19T09:28:10","date_gmt":"2025-02-19T06:28:10","guid":{"rendered":"https:\/\/www.egemtv.com\/?p=20252"},"modified":"2025-02-19T09:28:14","modified_gmt":"2025-02-19T06:28:14","slug":"denizlide-buyuk-bas-hayvanlar-icin-ilkbahar-donemi-sap-asilama-calismasi-basladi","status":"publish","type":"post","link":"https:\/\/www.egemtv.com\/?p=20252","title":{"rendered":"Denizli\u2019de b\u00fcy\u00fck ba\u015f hayvanlar i\u00e7in ilkbahar d\u00f6nemi \u015fap a\u015f\u0131lama \u00e7al\u0131\u015fmas\u0131 ba\u015flad\u0131"},"content":{"rendered":"<p>\u00d6zellikle b\u00fcy\u00fckba\u015f hayvanlarda et ve s\u00fct veriminde ciddi kay\u0131plara neden olan \u015eap Hastal\u0131\u011f\u0131 ile m\u00fccadele i\u00e7in Denizli genelinde \u0130lkbahar \u015eap A\u015f\u0131lama Kampanyas\u0131 ba\u015flad\u0131.<\/p>\n<p>Denizli \u0130l Tar\u0131m ve Orman M\u00fcd\u00fcr\u00fc \u015eakir \u00c7INAR, Tar\u0131m ve Orman Bakanl\u0131\u011f\u0131 Hayvan Hastal\u0131k ve Zararl\u0131lar\u0131 ile M\u00fccadele program\u0131 kapsam\u0131nda, \u0130lkbahar d\u00f6nemi \u015eap A\u015f\u0131lamas\u0131 kampanyas\u0131nda il genelinde 254 bin 310 ba\u015f s\u0131\u011f\u0131ra \u015eap a\u015f\u0131lamas\u0131 yap\u0131laca\u011f\u0131n\u0131 belirtti.<\/p>\n<p>\u015eap hastal\u0131\u011f\u0131n\u0131n \u00f6nemi ve a\u015f\u0131lama kampanyas\u0131 hakk\u0131nda a\u00e7\u0131klamalarda bulunan Denizli \u0130l Tar\u0131m ve Orman M\u00fcd\u00fcr\u00fc \u015eakir \u00c7INAR; &#8220;\u015eap Hastal\u0131\u011f\u0131, hayvanlarda a\u011f\u0131zda, t\u0131rnakta ve memelerde yaralar olu\u015fturan salg\u0131n bir hastal\u0131kt\u0131r. Hayvan Hastal\u0131k ve Zararl\u0131lar\u0131 ile M\u00fccadele Program\u0131 kapsam\u0131nda, ilimiz genelindeki b\u00fcy\u00fckba\u015f hayvanlarda y\u0131lda iki d\u00f6nem halinde uygulanan \u015fap a\u015f\u0131lama kampanyas\u0131yla t\u00fcm b\u00fcy\u00fckba\u015f hayvanlar\u0131n a\u015f\u0131lanmas\u0131 hedeflenmektedir. Hastal\u0131ktan korunmada a\u015f\u0131lama \u00e7ok \u00f6nemlidir. \u015eap a\u015f\u0131s\u0131; hastal\u0131\u011fa kar\u015f\u0131 koruyucu olmas\u0131 yan\u0131nda, b\u00fcy\u00fckba\u015f hayvanlar\u0131n sevkleri ve buza\u011f\u0131 destekleme i\u015flemleri i\u00e7in de mecburidir. \u015eap a\u015f\u0131s\u0131 uygulanmam\u0131\u015f hayvanlar\u0131n sevklerine izin verilmez, buza\u011f\u0131 desteklemesinden de faydaland\u0131r\u0131lamaz. A\u015f\u0131lama program\u0131m\u0131zda 2 aydan b\u00fcy\u00fck t\u00fcm hayvanlar\u0131n alt\u0131 ay aral\u0131kla, y\u0131lda iki kez a\u015f\u0131lanmas\u0131 planlanmaktad\u0131r. \u015eap a\u015f\u0131s\u0131 gebeli\u011fin her d\u00f6neminde g\u00fcvenle kullan\u0131lmakta, a\u015f\u0131l\u0131 hayvanlardan do\u011fan buza\u011f\u0131lar, annelerinden ald\u0131klar\u0131 ba\u011f\u0131\u015f\u0131kl\u0131k ile hastal\u0131ktan korunmaktad\u0131r dolay\u0131s\u0131yla ya\u015fanacak verim kayb\u0131n\u0131n \u00f6n\u00fcne ge\u00e7mek gerekse de desteklemelerden faydalanmak i\u00e7in yeti\u015ftiricilerimizin di\u011fer a\u015f\u0131lar\u0131 oldu\u011fu gibi \u015fap a\u015f\u0131s\u0131n\u0131 da zaman\u0131nda yapt\u0131rmalar\u0131 olduk\u00e7a \u00f6nemlidir&#8221; dedi.<\/p>\n<p>Denizli \u0130l Tar\u0131m ve Orman M\u00fcd\u00fcrl\u00fc\u011f\u00fc taraf\u0131ndan il genelinde \u015eap Hastal\u0131\u011f\u0131na kar\u015f\u0131 uygulanacak olan ilkbahar d\u00f6nemi \u015eap a\u015f\u0131lama kampanyas\u0131 13 Nisan 2025 tarihine kadar devam edecek.<br \/><\/p>\n","protected":false},"excerpt":{"rendered":"<p>\u00d6zellikle b\u00fcy\u00fckba\u015f hayvanlarda et ve s\u00fct veriminde ciddi kay\u0131plara neden olan \u015eap Hastal\u0131\u011f\u0131 ile m\u00fccadele i\u00e7in Denizli genelinde \u0130lkbahar \u015eap A\u015f\u0131lama Kampanyas\u0131 ba\u015flad\u0131. Denizli \u0130l Tar\u0131m ve Orman M\u00fcd\u00fcr\u00fc \u015eakir \u00c7INAR, Tar\u0131m ve Orman Bakanl\u0131\u011f\u0131 Hayvan Hastal\u0131k ve Zararl\u0131lar\u0131 ile M\u00fccadele program\u0131 kapsam\u0131nda, \u0130lkbahar d\u00f6nemi \u015eap A\u015f\u0131lamas\u0131 kampanyas\u0131nda il genelinde 254 bin 310 ba\u015f s\u0131\u011f\u0131ra&#8230;<\/p>\n","protected":false},"author":1,"featured_media":20253,"comment_status":"open","ping_status":"open","sticky":false,"template":"","format":"standard","meta":{"_crdt_document":"","footnotes":""},"categories":[125],"tags":[],"class_list":["post-20252","post","type-post","status-publish","format-standard","has-post-thumbnail","hentry","category-ekonomi"],"_links":{"self":[{"href":"https:\/\/www.egemtv.com\/index.php?rest_route=\/wp\/v2\/posts\/20252","targetHints":{"allow":["GET"]}}],"collection":[{"href":"https:\/\/www.egemtv.com\/index.php?rest_route=\/wp\/v2\/posts"}],"about":[{"href":"https:\/\/www.egemtv.com\/index.php?rest_route=\/wp\/v2\/types\/post"}],"author":[{"embeddable":true,"href":"https:\/\/www.egemtv.com\/index.php?rest_route=\/wp\/v2\/users\/1"}],"replies":[{"embeddable":true,"href":"https:\/\/www.egemtv.com\/index.php?rest_route=%2Fwp%2Fv2%2Fcomments&post=20252"}],"version-history":[{"count":1,"href":"https:\/\/www.egemtv.com\/index.php?rest_route=\/wp\/v2\/posts\/20252\/revisions"}],"predecessor-version":[{"id":20254,"href":"https:\/\/www.egemtv.com\/index.php?rest_route=\/wp\/v2\/posts\/20252\/revisions\/20254"}],"wp:featuredmedia":[{"embeddable":true,"href":"https:\/\/www.egemtv.com\/index.php?rest_route=\/wp\/v2\/media\/20253"}],"wp:attachment":[{"href":"https:\/\/www.egemtv.com\/index.php?rest_route=%2Fwp%2Fv2%2Fmedia&parent=20252"}],"wp:term":[{"taxonomy":"category","embeddable":true,"href":"https:\/\/www.egemtv.com\/index.php?rest_route=%2Fwp%2Fv2%2Fcategories&post=20252"},{"taxonomy":"post_tag","embeddable":true,"href":"https:\/\/www.egemtv.com\/index.php?rest_route=%2Fwp%2Fv2%2Ftags&post=20252"}],"curies":[{"name":"wp","href":"https:\/\/api.w.org\/{rel}","templated":true}]}}