{"id":20249,"date":"2025-02-19T09:23:37","date_gmt":"2025-02-19T06:23:37","guid":{"rendered":"https:\/\/www.egemtv.com\/?p=20249"},"modified":"2025-02-19T09:23:42","modified_gmt":"2025-02-19T06:23:42","slug":"kusadasinda-hizmet-ve-temizlik-seferberliginin-adresi-bu-kez-kadikalesi-oldu","status":"publish","type":"post","link":"https:\/\/www.egemtv.com\/?p=20249","title":{"rendered":"Ku\u015fadas\u0131\u2019nda hizmet ve temizlik seferberli\u011finin adresi bu kez Kad\u0131kalesi oldu"},"content":{"rendered":"<p>Ku\u015fadas\u0131 Belediyesi\u2019nin mahallelerde ba\u015flatt\u0131\u011f\u0131 temizlik ve hizmet seferberli\u011fi Kad\u0131kalesi Mahallesi ile devam etti. Ku\u015fadas\u0131 Belediyesi\u2019ne ba\u011fl\u0131 50 ki\u015filik bir ekip taraf\u0131ndan sabah\u0131n erken saatlerinde ba\u015flat\u0131lan \u00e7al\u0131\u015fma ile Kad\u0131kalesi\u2019nin t\u00fcm cadde ve sokaklar\u0131 p\u0131r\u0131l p\u0131r\u0131l oldu.<\/p>\n<p>&#8220;E\u015fit ve kaliteli hizmet&#8221; anlay\u0131\u015f\u0131 ile \u00e7al\u0131\u015fmalar\u0131n\u0131 s\u00fcrd\u00fcren Ku\u015fadas\u0131 Belediyesi, mahallelerde ba\u015flatt\u0131\u011f\u0131 temizlik ve hizmet seferberli\u011fi kapsam\u0131nda So\u011fucak ve Cumhuriyet mahallelerinin ard\u0131ndan Kad\u0131kalesi Mahallesi\u2019ni de k\u00f6\u015fe bucak temizleyip gerekli tamiratlar\u0131 yapt\u0131. Fen \u0130\u015fleri M\u00fcd\u00fcrl\u00fc\u011f\u00fc, Park ve Bah\u00e7eler M\u00fcd\u00fcrl\u00fc\u011f\u00fc ile Temizlik \u0130\u015fleri M\u00fcd\u00fcrl\u00fc\u011f\u00fcne ba\u011fl\u0131 yakla\u015f\u0131k 50 ki\u015filik saha ekibi taraf\u0131ndan y\u00fcr\u00fct\u00fclen \u00e7al\u0131\u015fma ile Kad\u0131kalesi Mahallesi\u2019nin t\u00fcm cadde, sokak, park ve meydanlar\u0131 s\u00fcp\u00fcr\u00fcl\u00fcp y\u0131kand\u0131. \u00c7\u00f6p konteynerlerinin ve sepetlerinin dezenfektesini de yapan ekipler ila\u00e7lama, yabani ot temizli\u011fi, a\u011fa\u00e7 budamas\u0131 ve yol tamiratlar\u0131n\u0131 da ger\u00e7ekle\u015ftirdi.<br \/><\/p>\n","protected":false},"excerpt":{"rendered":"<p>Ku\u015fadas\u0131 Belediyesi\u2019nin mahallelerde ba\u015flatt\u0131\u011f\u0131 temizlik ve hizmet seferberli\u011fi Kad\u0131kalesi Mahallesi ile devam etti. Ku\u015fadas\u0131 Belediyesi\u2019ne ba\u011fl\u0131 50 ki\u015filik bir ekip taraf\u0131ndan sabah\u0131n erken saatlerinde ba\u015flat\u0131lan \u00e7al\u0131\u015fma ile Kad\u0131kalesi\u2019nin t\u00fcm cadde ve sokaklar\u0131 p\u0131r\u0131l p\u0131r\u0131l oldu. &#8220;E\u015fit ve kaliteli hizmet&#8221; anlay\u0131\u015f\u0131 ile \u00e7al\u0131\u015fmalar\u0131n\u0131 s\u00fcrd\u00fcren Ku\u015fadas\u0131 Belediyesi, mahallelerde ba\u015flatt\u0131\u011f\u0131 temizlik ve hizmet seferberli\u011fi kapsam\u0131nda So\u011fucak ve Cumhuriyet&#8230;<\/p>\n","protected":false},"author":1,"featured_media":20250,"comment_status":"open","ping_status":"open","sticky":false,"template":"","format":"standard","meta":{"_crdt_document":"","footnotes":""},"categories":[1],"tags":[],"class_list":["post-20249","post","type-post","status-publish","format-standard","has-post-thumbnail","hentry","category-guncel"],"_links":{"self":[{"href":"https:\/\/www.egemtv.com\/index.php?rest_route=\/wp\/v2\/posts\/20249","targetHints":{"allow":["GET"]}}],"collection":[{"href":"https:\/\/www.egemtv.com\/index.php?rest_route=\/wp\/v2\/posts"}],"about":[{"href":"https:\/\/www.egemtv.com\/index.php?rest_route=\/wp\/v2\/types\/post"}],"author":[{"embeddable":true,"href":"https:\/\/www.egemtv.com\/index.php?rest_route=\/wp\/v2\/users\/1"}],"replies":[{"embeddable":true,"href":"https:\/\/www.egemtv.com\/index.php?rest_route=%2Fwp%2Fv2%2Fcomments&post=20249"}],"version-history":[{"count":1,"href":"https:\/\/www.egemtv.com\/index.php?rest_route=\/wp\/v2\/posts\/20249\/revisions"}],"predecessor-version":[{"id":20251,"href":"https:\/\/www.egemtv.com\/index.php?rest_route=\/wp\/v2\/posts\/20249\/revisions\/20251"}],"wp:featuredmedia":[{"embeddable":true,"href":"https:\/\/www.egemtv.com\/index.php?rest_route=\/wp\/v2\/media\/20250"}],"wp:attachment":[{"href":"https:\/\/www.egemtv.com\/index.php?rest_route=%2Fwp%2Fv2%2Fmedia&parent=20249"}],"wp:term":[{"taxonomy":"category","embeddable":true,"href":"https:\/\/www.egemtv.com\/index.php?rest_route=%2Fwp%2Fv2%2Fcategories&post=20249"},{"taxonomy":"post_tag","embeddable":true,"href":"https:\/\/www.egemtv.com\/index.php?rest_route=%2Fwp%2Fv2%2Ftags&post=20249"}],"curies":[{"name":"wp","href":"https:\/\/api.w.org\/{rel}","templated":true}]}}