{"id":20246,"date":"2025-02-19T04:53:31","date_gmt":"2025-02-19T01:53:31","guid":{"rendered":"https:\/\/www.egemtv.com\/?p=20246"},"modified":"2025-02-19T04:53:36","modified_gmt":"2025-02-19T01:53:36","slug":"kazada-hurdaya-donen-otomobilin-surucusu-hayatini-kaybetti","status":"publish","type":"post","link":"https:\/\/www.egemtv.com\/?p=20246","title":{"rendered":"Kazada hurdaya d\u00f6nen otomobilin s\u00fcr\u00fcc\u00fcs\u00fc hayat\u0131n\u0131 kaybetti"},"content":{"rendered":"<p>U\u015fak\u2019ta otomobilin t\u0131ra arkadan \u00e7arpmas\u0131 sonucu hurdaya d\u00f6nen otomobil s\u00fcr\u00fcc\u00fcs\u00fc hayat\u0131n\u0131 kaybetti.<br \/>\n<br \/>Edinilen bilgilere g\u00f6re, Hakk\u0131 \u015eahin (29) idaresindeki 64 ACH 226 plakal\u0131 otomobil U\u015fak\u2019tan \u0130zmir istikametine seyir halindeyken U\u015fak Lisesi yak\u0131nlar\u0131na geldi\u011finde ayn\u0131 istikamette seyir halinde olan ve y\u00fck indirece\u011fi i\u015f yerine do\u011fru sa\u011fa d\u00f6n\u00fc\u015f yapan Z.T. (44) y\u00f6netimindeki 35 BZM 216 plakal\u0131 t\u0131r\u0131n dorsesine arkadan \u00e7arpt\u0131. \u00c7evredeki vatanda\u015flar\u0131n durumu 112 Acil \u00c7a\u011fr\u0131 Merkezi\u2019ne bildirmesi \u00fczerine olay yerine 112 Sa\u011fl\u0131k, polis ve itfaiye ekipleri sevk edildi. 112 Sa\u011fl\u0131k ekiplerince yap\u0131lan incelemede \u00e7arpman\u0131n etkisiyle hurdaya d\u00f6nen otomobil s\u00fcr\u00fcc\u00fcs\u00fc Hakk\u0131 \u015eahin\u2019in hayat\u0131n\u0131 kaybetti\u011fi belirlendi. Polis ekiplerince olay yerinde geni\u015f \u00e7apl\u0131 g\u00fcvenlik \u00f6nlemi al\u0131n\u0131rken, U\u015fak-\u0130zmir karayolu ise bir s\u00fcre trafi\u011fe kapat\u0131ld\u0131.<br \/>\n<br \/>Olay yerinde yap\u0131lan incelemelerin ard\u0131ndan \u015eahin\u2019in cenazesi U\u015fak E\u011fitim ve Ara\u015ft\u0131rma Hastanesi Morgu\u2019na kald\u0131r\u0131ld\u0131. \u00d6te yandan, t\u0131r s\u00fcr\u00fcc\u00fcs\u00fc g\u00f6zalt\u0131na al\u0131n\u0131rken kazayla ilgili geni\u015f kapsaml\u0131 soru\u015fturma ba\u015flat\u0131ld\u0131\u011f\u0131 \u00f6\u011frenildi.<br \/><\/p>\n","protected":false},"excerpt":{"rendered":"<p>U\u015fak\u2019ta otomobilin t\u0131ra arkadan \u00e7arpmas\u0131 sonucu hurdaya d\u00f6nen otomobil s\u00fcr\u00fcc\u00fcs\u00fc hayat\u0131n\u0131 kaybetti. Edinilen bilgilere g\u00f6re, Hakk\u0131 \u015eahin (29) idaresindeki 64 ACH 226 plakal\u0131 otomobil U\u015fak\u2019tan \u0130zmir istikametine seyir halindeyken U\u015fak Lisesi yak\u0131nlar\u0131na geldi\u011finde ayn\u0131 istikamette seyir halinde olan ve y\u00fck indirece\u011fi i\u015f yerine do\u011fru sa\u011fa d\u00f6n\u00fc\u015f yapan Z.T. (44) y\u00f6netimindeki 35 BZM 216 plakal\u0131 t\u0131r\u0131n&#8230;<\/p>\n","protected":false},"author":1,"featured_media":20247,"comment_status":"open","ping_status":"open","sticky":false,"template":"","format":"standard","meta":{"_crdt_document":"","footnotes":""},"categories":[5],"tags":[],"class_list":["post-20246","post","type-post","status-publish","format-standard","has-post-thumbnail","hentry","category-asayis"],"_links":{"self":[{"href":"https:\/\/www.egemtv.com\/index.php?rest_route=\/wp\/v2\/posts\/20246","targetHints":{"allow":["GET"]}}],"collection":[{"href":"https:\/\/www.egemtv.com\/index.php?rest_route=\/wp\/v2\/posts"}],"about":[{"href":"https:\/\/www.egemtv.com\/index.php?rest_route=\/wp\/v2\/types\/post"}],"author":[{"embeddable":true,"href":"https:\/\/www.egemtv.com\/index.php?rest_route=\/wp\/v2\/users\/1"}],"replies":[{"embeddable":true,"href":"https:\/\/www.egemtv.com\/index.php?rest_route=%2Fwp%2Fv2%2Fcomments&post=20246"}],"version-history":[{"count":1,"href":"https:\/\/www.egemtv.com\/index.php?rest_route=\/wp\/v2\/posts\/20246\/revisions"}],"predecessor-version":[{"id":20248,"href":"https:\/\/www.egemtv.com\/index.php?rest_route=\/wp\/v2\/posts\/20246\/revisions\/20248"}],"wp:featuredmedia":[{"embeddable":true,"href":"https:\/\/www.egemtv.com\/index.php?rest_route=\/wp\/v2\/media\/20247"}],"wp:attachment":[{"href":"https:\/\/www.egemtv.com\/index.php?rest_route=%2Fwp%2Fv2%2Fmedia&parent=20246"}],"wp:term":[{"taxonomy":"category","embeddable":true,"href":"https:\/\/www.egemtv.com\/index.php?rest_route=%2Fwp%2Fv2%2Fcategories&post=20246"},{"taxonomy":"post_tag","embeddable":true,"href":"https:\/\/www.egemtv.com\/index.php?rest_route=%2Fwp%2Fv2%2Ftags&post=20246"}],"curies":[{"name":"wp","href":"https:\/\/api.w.org\/{rel}","templated":true}]}}