{"id":20243,"date":"2025-02-18T23:45:51","date_gmt":"2025-02-18T20:45:51","guid":{"rendered":"https:\/\/www.egemtv.com\/?p=20243"},"modified":"2025-02-18T23:45:54","modified_gmt":"2025-02-18T20:45:54","slug":"denizlideki-kazada-hayatini-kaybedenlerin-kimlikleri-belli-oldu","status":"publish","type":"post","link":"https:\/\/www.egemtv.com\/?p=20243","title":{"rendered":"Denizli\u2019deki kazada hayat\u0131n\u0131 kaybedenlerin kimlikleri belli oldu"},"content":{"rendered":"<p>Denizli\u2019de halter \u015fampiyonas\u0131na kat\u0131lmak \u00fczere \u0130zmir\u2019den yola \u00e7\u0131kan \u00f6\u011frencileri ta\u015f\u0131yan midib\u00fcs\u00fcn devrildi\u011fi kazada hayat\u0131n\u0131 kaybeden 2 ki\u015finin kimlikleri belli oldu.<br \/>\n<br \/>Denizli\u2019nin Buldan il\u00e7esi Yenicekent Mahallesi Denizli-Salihli karayolunda meydana gelen kazada, Besim G. idaresindeki 35 BYZ 354 plakal\u0131 midib\u00fcs kar\u015f\u0131 \u015feride ge\u00e7erek, tarlaya devrildi. Yan yatan midib\u00fcs\u00fc g\u00f6ren \u00e7evredeki vatanda\u015flar\u0131n ihbar\u0131 \u00fczerine b\u00f6lgeye \u00e7ok say\u0131da sa\u011fl\u0131k, itfaiye, AFAD, polis ve jandarma ekibi sevk edildi. B\u00f6lgeye sevk edilen ekipler, ilk olarak midib\u00fcsten kendi imkanlar\u0131yla \u00e7\u0131kan \u00f6\u011frencilere m\u00fcdahalede bulundu. Ara\u00e7ta s\u0131k\u0131\u015fanlar ise itfaiye ekipleri taraf\u0131ndan kurtar\u0131ld\u0131. Yaral\u0131lar sa\u011fl\u0131k ekipleri taraf\u0131ndan kentteki farkl\u0131 hastanelere sevk edildi.<\/p>\n<p>Kazada \u00f6lenlerin kimlikleri belli oldu<br \/>\n<br \/>\u0130zmir\u2019den hareket eden midib\u00fcs\u00fcn Okul Sporlar\u0131 Gen\u00e7 K\u0131zlar Halter \u015eampiyonas\u0131\u2019na kat\u0131lacak olan \u0130zmir \u00c7\u0131narl\u0131 End\u00fcstri Meslek Lisesi \u00f6\u011frencilerini ve \u00f6\u011fretmenlerini ta\u015f\u0131d\u0131\u011f\u0131 \u00f6\u011frenildi. Kazada hayat\u0131n\u0131 kaybeden 2 ki\u015finin cenazeleri, kimlik tespiti i\u00e7in Buldan G\u00f6\u011f\u00fcs Hastal\u0131klar\u0131 Hastanesine g\u00f6t\u00fcr\u00fcld\u00fc. Yap\u0131lan \u00f6n incelemeler neticesinde kazada hayat\u0131n\u0131 kaybedenlerin Nisanur Y\u0131ld\u0131zer (15) ve antren\u00f6r Zeynep Bozkurt (64) oldu\u011fu belirlendi. Kazada hayat\u0131n\u0131 kaybeden antren\u00f6r ve \u00f6\u011frencinin cenazesinin otopsi yap\u0131lmak \u00fczere Adli T\u0131p Kurumu Grup Ba\u015fkanl\u0131\u011f\u0131 morguna kald\u0131r\u0131lmas\u0131 bekleniyor.<\/p>\n<p>Bakan Bak taziye mesaj\u0131 yay\u0131mlad\u0131<br \/>\n<br \/>Gen\u00e7lik ve Spor Bakan\u0131 Osman A\u015fk\u0131n Bak ise sosyal medya hesab\u0131ndan taziye mesaj\u0131 yay\u0131mlad\u0131. Bakan Bak, &#8220;Denizli\u2019nin Buldan il\u00e7esinde Okul Sporlar\u0131 Halter \u015eampiyonas\u0131\u2019na giden servisin kaza yapmas\u0131 sonucu hayat\u0131n\u0131 kaybeden gen\u00e7 sporcular\u0131m\u0131za Allah\u2019tan rahmet, yaral\u0131lar\u0131m\u0131za acil \u015fifalar diliyorum&#8221; dedi.<br \/><\/p>\n","protected":false},"excerpt":{"rendered":"<p>Denizli\u2019de halter \u015fampiyonas\u0131na kat\u0131lmak \u00fczere \u0130zmir\u2019den yola \u00e7\u0131kan \u00f6\u011frencileri ta\u015f\u0131yan midib\u00fcs\u00fcn devrildi\u011fi kazada hayat\u0131n\u0131 kaybeden 2 ki\u015finin kimlikleri belli oldu. Denizli\u2019nin Buldan il\u00e7esi Yenicekent Mahallesi Denizli-Salihli karayolunda meydana gelen kazada, Besim G. idaresindeki 35 BYZ 354 plakal\u0131 midib\u00fcs kar\u015f\u0131 \u015feride ge\u00e7erek, tarlaya devrildi. Yan yatan midib\u00fcs\u00fc g\u00f6ren \u00e7evredeki vatanda\u015flar\u0131n ihbar\u0131 \u00fczerine b\u00f6lgeye \u00e7ok say\u0131da sa\u011fl\u0131k,&#8230;<\/p>\n","protected":false},"author":1,"featured_media":20244,"comment_status":"open","ping_status":"open","sticky":false,"template":"","format":"standard","meta":{"_crdt_document":"","footnotes":""},"categories":[5],"tags":[],"class_list":["post-20243","post","type-post","status-publish","format-standard","has-post-thumbnail","hentry","category-asayis"],"_links":{"self":[{"href":"https:\/\/www.egemtv.com\/index.php?rest_route=\/wp\/v2\/posts\/20243","targetHints":{"allow":["GET"]}}],"collection":[{"href":"https:\/\/www.egemtv.com\/index.php?rest_route=\/wp\/v2\/posts"}],"about":[{"href":"https:\/\/www.egemtv.com\/index.php?rest_route=\/wp\/v2\/types\/post"}],"author":[{"embeddable":true,"href":"https:\/\/www.egemtv.com\/index.php?rest_route=\/wp\/v2\/users\/1"}],"replies":[{"embeddable":true,"href":"https:\/\/www.egemtv.com\/index.php?rest_route=%2Fwp%2Fv2%2Fcomments&post=20243"}],"version-history":[{"count":1,"href":"https:\/\/www.egemtv.com\/index.php?rest_route=\/wp\/v2\/posts\/20243\/revisions"}],"predecessor-version":[{"id":20245,"href":"https:\/\/www.egemtv.com\/index.php?rest_route=\/wp\/v2\/posts\/20243\/revisions\/20245"}],"wp:featuredmedia":[{"embeddable":true,"href":"https:\/\/www.egemtv.com\/index.php?rest_route=\/wp\/v2\/media\/20244"}],"wp:attachment":[{"href":"https:\/\/www.egemtv.com\/index.php?rest_route=%2Fwp%2Fv2%2Fmedia&parent=20243"}],"wp:term":[{"taxonomy":"category","embeddable":true,"href":"https:\/\/www.egemtv.com\/index.php?rest_route=%2Fwp%2Fv2%2Fcategories&post=20243"},{"taxonomy":"post_tag","embeddable":true,"href":"https:\/\/www.egemtv.com\/index.php?rest_route=%2Fwp%2Fv2%2Ftags&post=20243"}],"curies":[{"name":"wp","href":"https:\/\/api.w.org\/{rel}","templated":true}]}}