{"id":20240,"date":"2025-02-18T23:31:43","date_gmt":"2025-02-18T20:31:43","guid":{"rendered":"https:\/\/www.egemtv.com\/?p=20240"},"modified":"2025-02-18T23:31:49","modified_gmt":"2025-02-18T20:31:49","slug":"tarlasinin-surulusunu-cekerken-traktorun-altinda-kalan-surucu-oldu","status":"publish","type":"post","link":"https:\/\/www.egemtv.com\/?p=20240","title":{"rendered":"Tarlas\u0131n\u0131n s\u00fcr\u00fcl\u00fc\u015f\u00fcn\u00fc \u00e7ekerken trakt\u00f6r\u00fcn alt\u0131nda kalan s\u00fcr\u00fcc\u00fc \u00f6ld\u00fc"},"content":{"rendered":"<p>Burdur\u2019un Kemer il\u00e7esinde tarlay\u0131 s\u00fcrerken devrilen trakt\u00f6r\u00fcn alt\u0131nda kalan s\u00fcr\u00fcc\u00fc hayat\u0131n\u0131 kaybetti. Kaza an\u0131 ise o s\u0131rada tarla sahibinin telefonuyla \u00e7ekti\u011fi videoya yans\u0131d\u0131.<br \/>\n<br \/>Olay, d\u00fcn saat 15.30 s\u0131ralar\u0131nda Kemer il\u00e7esine ba\u011fl\u0131 Ak\u00e7a\u00f6ren k\u00f6y\u00fcnde meydana geldi. Edinilen bilgilere g\u00f6re, 15 DU 398 plakal\u0131 trakt\u00f6r\u00fcyle Ukrayna vatanda\u015f\u0131 D.O.\u2019ya ait tarlay\u0131 tesviye eden \u015eeref Deniz (61), yoku\u015f a\u015fa\u011f\u0131 kay\u0131p devrilen arac\u0131n alt\u0131nda kalarak a\u011f\u0131r yaraland\u0131. Tarla sahibinin 112 Acil \u00c7a\u011fr\u0131 Merkezine ihbar\u0131 \u00fczerine olay yerine sa\u011fl\u0131k, jandarma ve polis ekipleri sevk edildi. Sa\u011fl\u0131k ekiplerinin yapt\u0131\u011f\u0131 kontrolde Deniz\u2019in hayat\u0131n\u0131 kaybetti belirlendi. Olay yerinde yap\u0131lan incelemeler sonras\u0131 Deniz\u2019in cenazesi, otopsi i\u00e7in Burdur Devlet Hastanesi morguna kald\u0131r\u0131ld\u0131. \u00d6te yandan kazaya tan\u0131k olan tarla sahibi ifadesi al\u0131nmak \u00fczere karakola g\u00f6t\u00fcr\u00fcld\u00fc.<\/p>\n<p>Kaza an\u0131 cep telefonu kameras\u0131na yans\u0131d\u0131<br \/>\n<br \/>Kazadan \u00f6nce tarlas\u0131n\u0131n tesviye edilmesini kaydetmek i\u00e7in cep telefonu ile video \u00e7ekmeye ba\u015flayan tarla sahibi D.O., &#8220;Sizinle bir video payla\u015fmak istiyorum&#8221; diyerek o an ger\u00e7ekle\u015fen kazay\u0131 tesad\u00fcfen kay\u0131t alt\u0131na ald\u0131. Kameraya yans\u0131yan g\u00f6r\u00fcnt\u00fclerde trakt\u00f6r\u00fcn bir anda kayarak takla att\u0131\u011f\u0131, \u015eeref Deniz\u2019in de trakt\u00f6r\u00fcn cam\u0131ndan yere d\u00fc\u015ft\u00fc\u011f\u00fc g\u00f6r\u00fcl\u00fcyor.<br \/><\/p>\n","protected":false},"excerpt":{"rendered":"<p>Burdur\u2019un Kemer il\u00e7esinde tarlay\u0131 s\u00fcrerken devrilen trakt\u00f6r\u00fcn alt\u0131nda kalan s\u00fcr\u00fcc\u00fc hayat\u0131n\u0131 kaybetti. Kaza an\u0131 ise o s\u0131rada tarla sahibinin telefonuyla \u00e7ekti\u011fi videoya yans\u0131d\u0131. Olay, d\u00fcn saat 15.30 s\u0131ralar\u0131nda Kemer il\u00e7esine ba\u011fl\u0131 Ak\u00e7a\u00f6ren k\u00f6y\u00fcnde meydana geldi. Edinilen bilgilere g\u00f6re, 15 DU 398 plakal\u0131 trakt\u00f6r\u00fcyle Ukrayna vatanda\u015f\u0131 D.O.\u2019ya ait tarlay\u0131 tesviye eden \u015eeref Deniz (61), yoku\u015f a\u015fa\u011f\u0131&#8230;<\/p>\n","protected":false},"author":1,"featured_media":20241,"comment_status":"open","ping_status":"open","sticky":false,"template":"","format":"standard","meta":{"_crdt_document":"","footnotes":""},"categories":[5],"tags":[],"class_list":["post-20240","post","type-post","status-publish","format-standard","has-post-thumbnail","hentry","category-asayis"],"_links":{"self":[{"href":"https:\/\/www.egemtv.com\/index.php?rest_route=\/wp\/v2\/posts\/20240","targetHints":{"allow":["GET"]}}],"collection":[{"href":"https:\/\/www.egemtv.com\/index.php?rest_route=\/wp\/v2\/posts"}],"about":[{"href":"https:\/\/www.egemtv.com\/index.php?rest_route=\/wp\/v2\/types\/post"}],"author":[{"embeddable":true,"href":"https:\/\/www.egemtv.com\/index.php?rest_route=\/wp\/v2\/users\/1"}],"replies":[{"embeddable":true,"href":"https:\/\/www.egemtv.com\/index.php?rest_route=%2Fwp%2Fv2%2Fcomments&post=20240"}],"version-history":[{"count":1,"href":"https:\/\/www.egemtv.com\/index.php?rest_route=\/wp\/v2\/posts\/20240\/revisions"}],"predecessor-version":[{"id":20242,"href":"https:\/\/www.egemtv.com\/index.php?rest_route=\/wp\/v2\/posts\/20240\/revisions\/20242"}],"wp:featuredmedia":[{"embeddable":true,"href":"https:\/\/www.egemtv.com\/index.php?rest_route=\/wp\/v2\/media\/20241"}],"wp:attachment":[{"href":"https:\/\/www.egemtv.com\/index.php?rest_route=%2Fwp%2Fv2%2Fmedia&parent=20240"}],"wp:term":[{"taxonomy":"category","embeddable":true,"href":"https:\/\/www.egemtv.com\/index.php?rest_route=%2Fwp%2Fv2%2Fcategories&post=20240"},{"taxonomy":"post_tag","embeddable":true,"href":"https:\/\/www.egemtv.com\/index.php?rest_route=%2Fwp%2Fv2%2Ftags&post=20240"}],"curies":[{"name":"wp","href":"https:\/\/api.w.org\/{rel}","templated":true}]}}