{"id":20234,"date":"2025-02-18T20:46:34","date_gmt":"2025-02-18T17:46:34","guid":{"rendered":"https:\/\/www.egemtv.com\/?p=20234"},"modified":"2025-02-18T20:46:39","modified_gmt":"2025-02-18T17:46:39","slug":"denizli-valisi-coskun-kazanin-sebebi-calismalarin-ardindan-netlik-kazanacak","status":"publish","type":"post","link":"https:\/\/www.egemtv.com\/?p=20234","title":{"rendered":"Denizli Valisi Co\u015fkun: &#8220;Kazan\u0131n sebebi \u00e7al\u0131\u015fmalar\u0131n ard\u0131ndan netlik kazanacak&#8221;"},"content":{"rendered":"<p>Denizli Valisi \u00d6mer Faruk Co\u015fkun, 2 \u00f6\u011frencinin hayat\u0131n\u0131 kaybetti\u011fi, 26 ki\u015finin de yaraland\u0131\u011f\u0131 kazan\u0131n sebebinin \u00e7al\u0131\u015fmalar\u0131n ard\u0131ndan netlik kazanaca\u011f\u0131n\u0131 ifade etti.<br \/>\n<br \/>Denizli\u2019nin Buldan il\u00e7esi Yenicekent Mahallesi Denizli-Salihli karayolunda meydana gelen kazada, Besim G. idaresindeki 35 BYZ 354 plakal\u0131 midib\u00fcs kar\u015f\u0131 \u015feride ge\u00e7erek, tarlaya devrildi. Yan yatan midib\u00fcs\u00fc g\u00f6ren \u00e7evredeki vatanda\u015flar\u0131n ihbar\u0131 \u00fczerine b\u00f6lgeye \u00e7ok say\u0131da sa\u011fl\u0131k, itfaiye, AFAD, polis ve jandarma ekibi sevk edildi. B\u00f6lgeye sevk edilen ekipler, ilk olarak midib\u00fcsten kendi imkanlar\u0131yla \u00e7\u0131kan \u00f6\u011frencilere m\u00fcdahalede bulundu. Ara\u00e7ta s\u0131k\u0131\u015fanlar ise itfaiye ekipleri taraf\u0131ndan kurtar\u0131ld\u0131. Yaral\u0131lar sa\u011fl\u0131k ekipleri taraf\u0131ndan kentteki farkl\u0131 hastanelere sevk edildi.<\/p>\n<p>\u0130zmir\u2019den Denizli\u2019ye \u015fampiyonaya kat\u0131lmak i\u00e7in geliyorlard\u0131<br \/>\n<br \/>\u0130zmir\u2019den hareket eden midib\u00fcs\u00fcn Okul Sporlar\u0131 Gen\u00e7 K\u0131zlar Halter \u015eampiyonas\u0131\u2019na kat\u0131lacak olan \u0130zmir \u00c7\u0131narl\u0131 End\u00fcstri Meslek Lisesi \u00f6\u011frencilerini ve \u00f6\u011fretmenlerini ta\u015f\u0131d\u0131\u011f\u0131 \u00f6\u011frenildi. Kazada hayat\u0131n\u0131 kaybeden iki \u00f6\u011frencinin cenazeleri, kimlik tespiti i\u00e7in Buldan G\u00f6\u011f\u00fcs Hastal\u0131klar\u0131 Hastanesine g\u00f6t\u00fcr\u00fcld\u00fc. Burada yap\u0131lan \u00f6n incelemede R.K. ve E.Y.K. oldu\u011fu belirlenen iki \u00f6\u011frencinin cenazesinin otopsi yap\u0131lmak \u00fczere Adli T\u0131p Kurumu Grup Ba\u015fkanl\u0131\u011f\u0131 morguna kald\u0131r\u0131lmas\u0131 bekleniyor.<\/p>\n<p>&#8220;Kazan\u0131n sebebi \u00e7al\u0131\u015fmalar\u0131n ard\u0131ndan netlik kazanacak&#8221;<br \/>\n<br \/>Kazan\u0131n ard\u0131ndan Denizli Valisi \u00d6mer Faruk Co\u015fkun ve Denizli B\u00fcy\u00fck\u015fehir Belediye Ba\u015fkan\u0131 B\u00fclent Nuri \u00c7avu\u015fo\u011flu olay yerine gelerek, yetkililerden bilgi ald\u0131. Kazan\u0131n meydana geli\u015f nedeninin jandarma trafik ekipleri ve olay yeri inceleme ekiplerinin \u00e7al\u0131\u015fmalar\u0131 ve g\u00f6rg\u00fc \u015fahitlerinin ifadeleri do\u011frultusunda netlik kazanaca\u011f\u0131n\u0131 ifade eden Vali Co\u015fkun, &#8220;Hepimize ge\u00e7mi\u015f olsun, ba\u015f\u0131m\u0131z sa\u011f olsun. Buldan il\u00e7emizde maalesef \u00fcz\u00fcc\u00fc bir kaza meydana geldi. Yar\u0131n ilimizde ba\u015flayacak olan Okul Sporlar\u0131 Gen\u00e7 K\u0131zlar Halter \u015eampiyonas\u0131\u2019na \u0130zmir ilinden kat\u0131lmak \u00fczere gelen bir ekibimiz maalesef tek tarafl\u0131 olarak burada kazaya kar\u0131\u015ft\u0131. Meydana gelen kazada ilk belirlemelere g\u00f6re 2 \u00f6\u011frencimiz maalesef hayat\u0131n\u0131 kaybetti, 26 da yaral\u0131m\u0131z var. Yaral\u0131lar\u0131m\u0131z\u0131n tamam\u0131n\u0131 kentteki \u00e7e\u015fitli hastanelere sevk ettik. Yaral\u0131lar\u0131m\u0131z\u0131n tedavilerine ba\u015flan\u0131ld\u0131. Vefat eden \u00f6\u011frencilerimize Allah\u2019tan rahmet diliyorum. Ailelerine ve yak\u0131nlar\u0131na ba\u015fsa\u011fl\u0131\u011f\u0131 diliyorum. Bundan sonra temennimiz bu t\u00fcr kazalar\u0131n olmamas\u0131 y\u00f6n\u00fcnde. Kazan\u0131n sebebini ise arkada\u015f\u0131m\u0131z \u00e7al\u0131\u015fmalar\u0131n\u0131 ba\u015flad\u0131. Hen\u00fcz daha net bir bilgi yok. Tek tarafl\u0131 meydana gelen bir kaza. \u00c7al\u0131\u015fmalar yap\u0131ld\u0131ktan sonra netle\u015fecek. Jandarma te\u015fkilat\u0131m\u0131z gerekli \u00e7al\u0131\u015fmalar\u0131 yapacak. 26 yaral\u0131m\u0131z\u0131n i\u00e7inde edindi\u011fimiz bilgilere g\u00f6re a\u011f\u0131r yaral\u0131lar\u0131m\u0131z var ama hastanedeki tetkikler neticesinde ortaya \u00e7\u0131kacak&#8221; dedi.<br \/>\n<br \/>\u00d6te yandan, bir s\u00fcre tek \u015feritten sa\u011flanan trafik, kaza yapan midib\u00fcs\u00fcn vin\u00e7 yard\u0131m\u0131yla kald\u0131r\u0131lmas\u0131n\u0131n ard\u0131ndan normale d\u00f6nd\u00fc. \u00d6\u011frencilere ait e\u015fyalar\u0131n ise jandarma ekipleri taraf\u0131ndan adli emanete al\u0131nd\u0131\u011f\u0131 \u00f6\u011frenildi.<br \/><\/p>\n","protected":false},"excerpt":{"rendered":"<p>Denizli Valisi \u00d6mer Faruk Co\u015fkun, 2 \u00f6\u011frencinin hayat\u0131n\u0131 kaybetti\u011fi, 26 ki\u015finin de yaraland\u0131\u011f\u0131 kazan\u0131n sebebinin \u00e7al\u0131\u015fmalar\u0131n ard\u0131ndan netlik kazanaca\u011f\u0131n\u0131 ifade etti. Denizli\u2019nin Buldan il\u00e7esi Yenicekent Mahallesi Denizli-Salihli karayolunda meydana gelen kazada, Besim G. idaresindeki 35 BYZ 354 plakal\u0131 midib\u00fcs kar\u015f\u0131 \u015feride ge\u00e7erek, tarlaya devrildi. Yan yatan midib\u00fcs\u00fc g\u00f6ren \u00e7evredeki vatanda\u015flar\u0131n ihbar\u0131 \u00fczerine b\u00f6lgeye \u00e7ok say\u0131da&#8230;<\/p>\n","protected":false},"author":1,"featured_media":20235,"comment_status":"open","ping_status":"open","sticky":false,"template":"","format":"standard","meta":{"_crdt_document":"","footnotes":""},"categories":[5],"tags":[],"class_list":["post-20234","post","type-post","status-publish","format-standard","has-post-thumbnail","hentry","category-asayis"],"_links":{"self":[{"href":"https:\/\/www.egemtv.com\/index.php?rest_route=\/wp\/v2\/posts\/20234","targetHints":{"allow":["GET"]}}],"collection":[{"href":"https:\/\/www.egemtv.com\/index.php?rest_route=\/wp\/v2\/posts"}],"about":[{"href":"https:\/\/www.egemtv.com\/index.php?rest_route=\/wp\/v2\/types\/post"}],"author":[{"embeddable":true,"href":"https:\/\/www.egemtv.com\/index.php?rest_route=\/wp\/v2\/users\/1"}],"replies":[{"embeddable":true,"href":"https:\/\/www.egemtv.com\/index.php?rest_route=%2Fwp%2Fv2%2Fcomments&post=20234"}],"version-history":[{"count":1,"href":"https:\/\/www.egemtv.com\/index.php?rest_route=\/wp\/v2\/posts\/20234\/revisions"}],"predecessor-version":[{"id":20238,"href":"https:\/\/www.egemtv.com\/index.php?rest_route=\/wp\/v2\/posts\/20234\/revisions\/20238"}],"wp:featuredmedia":[{"embeddable":true,"href":"https:\/\/www.egemtv.com\/index.php?rest_route=\/wp\/v2\/media\/20235"}],"wp:attachment":[{"href":"https:\/\/www.egemtv.com\/index.php?rest_route=%2Fwp%2Fv2%2Fmedia&parent=20234"}],"wp:term":[{"taxonomy":"category","embeddable":true,"href":"https:\/\/www.egemtv.com\/index.php?rest_route=%2Fwp%2Fv2%2Fcategories&post=20234"},{"taxonomy":"post_tag","embeddable":true,"href":"https:\/\/www.egemtv.com\/index.php?rest_route=%2Fwp%2Fv2%2Ftags&post=20234"}],"curies":[{"name":"wp","href":"https:\/\/api.w.org\/{rel}","templated":true}]}}