{"id":20231,"date":"2025-02-18T20:46:29","date_gmt":"2025-02-18T17:46:29","guid":{"rendered":"https:\/\/www.egemtv.com\/?p=20231"},"modified":"2025-02-18T20:46:34","modified_gmt":"2025-02-18T17:46:34","slug":"manisada-genc-muhafizlar-hafizlik-3-bolge-yarismasi-finali","status":"publish","type":"post","link":"https:\/\/www.egemtv.com\/?p=20231","title":{"rendered":"Manisa\u2019da Gen\u00e7 Muhaf\u0131zlar Haf\u0131zl\u0131k 3. B\u00f6lge Yar\u0131\u015fmas\u0131 Finali"},"content":{"rendered":"<p>Gen\u00e7 Muhaf\u0131zlar Haf\u0131zl\u0131k 3. B\u00f6lge Yar\u0131\u015fmas\u0131 Finali, Manisa\u2019da Yunus Emre Anadolu \u0130mam Hatip Lisesi ev sahipli\u011finde yap\u0131ld\u0131. Ortaokullarda b\u00f6lge birincisi Antalya\u2019dan, liselerde ise b\u00f6lge birincisi \u0130zmir\u2019den \u00e7\u0131kt\u0131.<br \/>\n<br \/>Manisa\u2019da d\u00fczenlenen Gen\u00e7 Muhaf\u0131zlar Haf\u0131zl\u0131k 3. B\u00f6lge Yar\u0131\u015fmas\u0131 Finali 11 ilden gelen ortaokul ve lise il birincilerinin kat\u0131l\u0131m\u0131yla ger\u00e7ekle\u015ftirildi. Yunusemre Millet \u00c7ar\u015f\u0131s\u0131 Konferans Salonunu\u2019nda ger\u00e7ekle\u015ftirilen ve g\u00fcn boyu s\u00fcren b\u00f6lge finali yar\u0131\u015fmas\u0131nda \u0130zmir, Burdur, Denizli, Mu\u011fla, U\u015fak, Ayd\u0131n, K\u00fctahya, Manisa, Afyon, Isparta ve Antlya\u2019dan gelen \u00f6\u011frenciler birbirleriyle yar\u0131\u015ft\u0131lar.<br \/>\n<br \/>Final yar\u0131\u015fmas\u0131na Manisa \u0130l Milli E\u011fitim M\u00fcd\u00fcr\u00fc Mehmet U\u011furelli, \u0130l Tar\u0131m ve Orman M\u00fcd\u00fcr\u00fc Metin \u00d6zt\u00fcrk, Manisa Aile ve Sosyal Hizmetleri \u0130l M\u00fcd\u00fcr Vekili Mustafa K\u0131l\u0131\u00e7, okul m\u00fcd\u00fcrleri ve \u00f6\u011frenciler ile davetliler kat\u0131ld\u0131.<br \/>\n<br \/>T\u00f6rende konu\u015fan Manisa \u0130l Milli E\u011fitim M\u00fcd\u00fcr\u00fc Mehmet U\u011furelli, &#8220;Kelamlar\u0131n en y\u00fccesine talip olmu\u015f gen\u00e7 haf\u0131zlar\u0131m\u0131z\u0131n m\u00fccadelesine tan\u0131kl\u0131k etmek i\u00e7in bir araya geldik. Kur\u2019an\u2019a hizmet edenler, Allah\u2019a hizmet edenlerdir. Ve bu kutlu hizmetin en \u00f6zel yolcular\u0131, i\u015fte burada huzurlar\u0131n\u0131zda duruyor. Bu yar\u0131\u015fman\u0131n ad\u0131 \u00e7ok manidar: \u2018Muhaf\u0131zlar\u2019, \u00e7\u00fcnk\u00fc sizler, sadece bir kitab\u0131 ezberleyenler de\u011fil o kitab\u0131n sanca\u011f\u0131n\u0131 ta\u015f\u0131yan neferlersiniz. O kitap ki \u00e7a\u011flar\u0131 ayd\u0131nlatan bir me\u015fale, kalpleri nurland\u0131ran bir rehberdir. Ve sizler, o nuru ta\u015f\u0131yan bahtiyar gen\u00e7lersiniz. Haf\u0131zl\u0131k, sadece bir haf\u0131za g\u00fcc\u00fc de\u011fildir. O, sab\u0131rd\u0131r, sadakattir, teslimiyettir. O her harfiyle bir ahlak\u0131 ku\u015fanmak, her ayetiyle bir hayat in\u015fa etmektir. Sizler sadece s\u00f6zleri de\u011fil, o s\u00f6zlerin ruhunu da koruyan muhaf\u0131zlars\u0131n\u0131z. Bug\u00fcn buradan kim birincilikle ayr\u0131l\u0131rsa ayr\u0131ls\u0131n, hepiniz Allah\u2019\u0131n kat\u0131nda en g\u00fczel bir me\u015fguliyetle me\u015fguls\u00fcn\u00fcz. \u00c7\u00fcnk\u00fc en b\u00fcy\u00fck \u00f6d\u00fcl, haf\u0131z olmakt\u0131r. En b\u00fcy\u00fck paye, O\u2019nun kelam\u0131na sahip \u00e7\u0131kmakt\u0131r. Ve en b\u00fcy\u00fck kazan\u00e7, \u00f6m\u00fcr boyu Kur\u2019an ile y\u00fcr\u00fcmektir. Bu yar\u0131\u015fman\u0131n d\u00fczenlenmesinde eme\u011fi ge\u00e7en t\u00fcm hocalar\u0131m\u0131za, j\u00fcri \u00fcyelerimize ve siz k\u0131ymetli misafirlerimize \u015f\u00fckranlar\u0131m\u0131 sunuyorum. Allah, haf\u0131zan\u0131z\u0131 bereketlendirsin, ilmimizi ziyade etsin ve hepimizi Kur\u2019an\u2019\u0131n ger\u00e7ek muhaf\u0131zlar\u0131 eylesin.&#8221; diye konu\u015ftu.<\/p>\n<p>Ortaokullarda b\u00f6lge birincisi Antalya\u2019dan \u00e7\u0131kt\u0131<br \/>\n<br \/>Yar\u0131\u015fmada ortaokullardan Anlatya Kepez Mahmut Celalettin \u00d6kten \u0130mam Hatip Ortaokulu \u00f6\u011frencisi Ali Furkan T\u0131ra\u015f b\u00f6lge birincisi olurken, \u0130zmir Karaba\u011flar \u0130mam Hatip Ortaokulu \u00f6\u011frencisi \u00d6mer Talha Ta\u015f\u00e7\u0131 ikinci oldu. \u00dc\u00e7\u00fcnc\u00fc ise K\u00fctahya Merkez \u0130mam Hatip Ortaokulu \u00f6\u011frencisi Yusuf Toruk oldu.<\/p>\n<p>Liselerde b\u00f6lge birincisi \u0130zmir\u2019den \u00e7\u0131kt\u0131<br \/>\n<br \/>Yar\u0131\u015fmada liselerde ise \u0130zmir Anadolu \u0130mam Hatip Lisesi \u00f6\u011frencisi Abdullah Said Okuro\u011flu b\u00f6lge birincisi olurken, Denizli Merkez Efendi Belediyesi Anadolu \u0130mam Hatip Lisesi \u00f6\u011frencisi Albaraa Elgabry ikinci oldu. \u00dc\u00e7\u00fcnc\u00fc ise Isparta Merkez I\u015f\u0131kkent Anadolu \u0130mam Hatip Lisesi \u00f6\u011frencisi Muhammed Maccit G\u00fcl\u00f6ren oldu.<br \/>\n<br \/>Gen\u00e7 Muhaf\u0131zlar Haf\u0131zl\u0131k 3. B\u00f6lge Yar\u0131\u015fmas\u0131 Finali, dereceye giren \u00f6\u011frencilere \u00f6d\u00fcl ve hediyeleri t\u00f6rene kat\u0131lan protokol \u00fcyeleri taraf\u0131ndan verildi ve yar\u0131\u015fma toplu foto\u011fraf \u00e7ekimi ile sona erdi.<br \/><\/p>\n","protected":false},"excerpt":{"rendered":"<p>Gen\u00e7 Muhaf\u0131zlar Haf\u0131zl\u0131k 3. B\u00f6lge Yar\u0131\u015fmas\u0131 Finali, Manisa\u2019da Yunus Emre Anadolu \u0130mam Hatip Lisesi ev sahipli\u011finde yap\u0131ld\u0131. Ortaokullarda b\u00f6lge birincisi Antalya\u2019dan, liselerde ise b\u00f6lge birincisi \u0130zmir\u2019den \u00e7\u0131kt\u0131. Manisa\u2019da d\u00fczenlenen Gen\u00e7 Muhaf\u0131zlar Haf\u0131zl\u0131k 3. B\u00f6lge Yar\u0131\u015fmas\u0131 Finali 11 ilden gelen ortaokul ve lise il birincilerinin kat\u0131l\u0131m\u0131yla ger\u00e7ekle\u015ftirildi. Yunusemre Millet \u00c7ar\u015f\u0131s\u0131 Konferans Salonunu\u2019nda ger\u00e7ekle\u015ftirilen ve g\u00fcn boyu&#8230;<\/p>\n","protected":false},"author":1,"featured_media":20232,"comment_status":"open","ping_status":"open","sticky":false,"template":"","format":"standard","meta":{"_crdt_document":"","footnotes":""},"categories":[1],"tags":[],"class_list":["post-20231","post","type-post","status-publish","format-standard","has-post-thumbnail","hentry","category-guncel"],"_links":{"self":[{"href":"https:\/\/www.egemtv.com\/index.php?rest_route=\/wp\/v2\/posts\/20231","targetHints":{"allow":["GET"]}}],"collection":[{"href":"https:\/\/www.egemtv.com\/index.php?rest_route=\/wp\/v2\/posts"}],"about":[{"href":"https:\/\/www.egemtv.com\/index.php?rest_route=\/wp\/v2\/types\/post"}],"author":[{"embeddable":true,"href":"https:\/\/www.egemtv.com\/index.php?rest_route=\/wp\/v2\/users\/1"}],"replies":[{"embeddable":true,"href":"https:\/\/www.egemtv.com\/index.php?rest_route=%2Fwp%2Fv2%2Fcomments&post=20231"}],"version-history":[{"count":1,"href":"https:\/\/www.egemtv.com\/index.php?rest_route=\/wp\/v2\/posts\/20231\/revisions"}],"predecessor-version":[{"id":20233,"href":"https:\/\/www.egemtv.com\/index.php?rest_route=\/wp\/v2\/posts\/20231\/revisions\/20233"}],"wp:featuredmedia":[{"embeddable":true,"href":"https:\/\/www.egemtv.com\/index.php?rest_route=\/wp\/v2\/media\/20232"}],"wp:attachment":[{"href":"https:\/\/www.egemtv.com\/index.php?rest_route=%2Fwp%2Fv2%2Fmedia&parent=20231"}],"wp:term":[{"taxonomy":"category","embeddable":true,"href":"https:\/\/www.egemtv.com\/index.php?rest_route=%2Fwp%2Fv2%2Fcategories&post=20231"},{"taxonomy":"post_tag","embeddable":true,"href":"https:\/\/www.egemtv.com\/index.php?rest_route=%2Fwp%2Fv2%2Ftags&post=20231"}],"curies":[{"name":"wp","href":"https:\/\/api.w.org\/{rel}","templated":true}]}}