{"id":20228,"date":"2025-02-18T20:16:23","date_gmt":"2025-02-18T17:16:23","guid":{"rendered":"https:\/\/www.egemtv.com\/?p=20228"},"modified":"2025-02-18T20:16:28","modified_gmt":"2025-02-18T17:16:28","slug":"devrilen-cezaevi-aracindaki-yaralanan-jandarma-ve-mahkumlarin-isimleri-belli-oldu","status":"publish","type":"post","link":"https:\/\/www.egemtv.com\/?p=20228","title":{"rendered":"Devrilen cezaevi arac\u0131ndaki yaralanan jandarma ve mahkumlar\u0131n isimleri belli oldu"},"content":{"rendered":"<p>Afyonkarahisar\u2019da kontrolden \u00e7\u0131karak devrilen cezaevi arac\u0131ndaki yaralanan jandarma ve mahkumlar\u0131n isimleri belli oldu.<br \/>\n<br \/>Kaza, Bolvadin il\u00e7esi Hamidiye k\u00f6y\u00fc yak\u0131nlar\u0131nda meydana geldi. A.E. idaresindeki 03 KS 703 plakal\u0131 ring diye adland\u0131r\u0131lan cezaevi arac\u0131, s\u00fcr\u00fcc\u00fcs\u00fcn\u00fcn hen\u00fcz belirlenemeyen bir sebeple direksiyon hakimiyetini kaybetmesi sonucu kontrolden \u00e7\u0131kt\u0131. Savrulan ara\u00e7 \u015farampole devrildi. Kazada s\u00fcr\u00fcc\u00fc ile birlikte H.H.K., \u00d6.C., Y.\u00c7., M.K., H.P., M.\u00c7., C.A., A.C. isimli jandarma personeli ile U.B., M.F., E.M., F.P. ve O.\u00c7. isimli mahkumlar yaraland\u0131. Yaral\u0131lar, \u00e7evredekilerin haber vermesiyle b\u00f6lgeye gelen sa\u011fl\u0131k ekipleri taraf\u0131ndan ambulanslarla hastanelere kald\u0131r\u0131ld\u0131.<br \/>\n<br \/>Kazayla ilgili savc\u0131l\u0131k taraf\u0131ndan soru\u015fturma ba\u015flat\u0131ld\u0131.<br \/><\/p>\n","protected":false},"excerpt":{"rendered":"<p>Afyonkarahisar\u2019da kontrolden \u00e7\u0131karak devrilen cezaevi arac\u0131ndaki yaralanan jandarma ve mahkumlar\u0131n isimleri belli oldu. Kaza, Bolvadin il\u00e7esi Hamidiye k\u00f6y\u00fc yak\u0131nlar\u0131nda meydana geldi. A.E. idaresindeki 03 KS 703 plakal\u0131 ring diye adland\u0131r\u0131lan cezaevi arac\u0131, s\u00fcr\u00fcc\u00fcs\u00fcn\u00fcn hen\u00fcz belirlenemeyen bir sebeple direksiyon hakimiyetini kaybetmesi sonucu kontrolden \u00e7\u0131kt\u0131. Savrulan ara\u00e7 \u015farampole devrildi. Kazada s\u00fcr\u00fcc\u00fc ile birlikte H.H.K., \u00d6.C., Y.\u00c7., M.K.,&#8230;<\/p>\n","protected":false},"author":1,"featured_media":20229,"comment_status":"open","ping_status":"open","sticky":false,"template":"","format":"standard","meta":{"_crdt_document":"","footnotes":""},"categories":[5],"tags":[],"class_list":["post-20228","post","type-post","status-publish","format-standard","has-post-thumbnail","hentry","category-asayis"],"_links":{"self":[{"href":"https:\/\/www.egemtv.com\/index.php?rest_route=\/wp\/v2\/posts\/20228","targetHints":{"allow":["GET"]}}],"collection":[{"href":"https:\/\/www.egemtv.com\/index.php?rest_route=\/wp\/v2\/posts"}],"about":[{"href":"https:\/\/www.egemtv.com\/index.php?rest_route=\/wp\/v2\/types\/post"}],"author":[{"embeddable":true,"href":"https:\/\/www.egemtv.com\/index.php?rest_route=\/wp\/v2\/users\/1"}],"replies":[{"embeddable":true,"href":"https:\/\/www.egemtv.com\/index.php?rest_route=%2Fwp%2Fv2%2Fcomments&post=20228"}],"version-history":[{"count":1,"href":"https:\/\/www.egemtv.com\/index.php?rest_route=\/wp\/v2\/posts\/20228\/revisions"}],"predecessor-version":[{"id":20230,"href":"https:\/\/www.egemtv.com\/index.php?rest_route=\/wp\/v2\/posts\/20228\/revisions\/20230"}],"wp:featuredmedia":[{"embeddable":true,"href":"https:\/\/www.egemtv.com\/index.php?rest_route=\/wp\/v2\/media\/20229"}],"wp:attachment":[{"href":"https:\/\/www.egemtv.com\/index.php?rest_route=%2Fwp%2Fv2%2Fmedia&parent=20228"}],"wp:term":[{"taxonomy":"category","embeddable":true,"href":"https:\/\/www.egemtv.com\/index.php?rest_route=%2Fwp%2Fv2%2Fcategories&post=20228"},{"taxonomy":"post_tag","embeddable":true,"href":"https:\/\/www.egemtv.com\/index.php?rest_route=%2Fwp%2Fv2%2Ftags&post=20228"}],"curies":[{"name":"wp","href":"https:\/\/api.w.org\/{rel}","templated":true}]}}