{"id":20210,"date":"2025-02-18T17:39:23","date_gmt":"2025-02-18T14:39:23","guid":{"rendered":"https:\/\/www.egemtv.com\/?p=20210"},"modified":"2025-02-18T17:39:27","modified_gmt":"2025-02-18T14:39:27","slug":"denizlide-ogrenci-servisi-kazasi-yapti-olu-ve-yaralilar-var","status":"publish","type":"post","link":"https:\/\/www.egemtv.com\/?p=20210","title":{"rendered":"Denizli\u2019de \u00f6\u011frenci servisi kazas\u0131 yapt\u0131: \u00f6l\u00fc ve yaral\u0131lar var"},"content":{"rendered":"<p>DEN\u0130ZL\u0130(\u0130HA) \u2013 Denizli\u2019nin Sarayk\u00f6y il\u00e7esinden Buldan istikametine giden \u00f6\u011frenci servisi ya\u011fmur ya\u011f\u0131\u015f\u0131n\u0131n etkisiyle meydana gelen trafik kazas\u0131nda hem yaral\u0131lar\u0131n hem de hayat\u0131n\u0131 kaybedenlerin oldu\u011fu bildirildi.<\/p>\n<p>Kaza, Sarayk\u00f6y il\u00e7esinden Buldan y\u00f6n\u00fcne seyreden \u00f6\u011frenci servisinde, ya\u011fmur ya\u011f\u0131\u015f\u0131n\u0131n etkisiyle trafik kazas\u0131 meydana geldi. Kazada hem yaral\u0131lar\u0131n hem de hayat\u0131n\u0131 kaybedenlerin oldu\u011fu bildirildi. Kazaya kar\u0131\u015fan servisin plakas\u0131 35 BYZ 354 olarak \u00f6\u011frenildi. Olay yerine gelen sa\u011fl\u0131k, trafik ve itfaiye ekipleri m\u00fcdahalede bulunurken, yaral\u0131lar en yak\u0131n hastaneye kald\u0131r\u0131ld\u0131.<br \/><\/p>\n","protected":false},"excerpt":{"rendered":"<p>DEN\u0130ZL\u0130(\u0130HA) \u2013 Denizli\u2019nin Sarayk\u00f6y il\u00e7esinden Buldan istikametine giden \u00f6\u011frenci servisi ya\u011fmur ya\u011f\u0131\u015f\u0131n\u0131n etkisiyle meydana gelen trafik kazas\u0131nda hem yaral\u0131lar\u0131n hem de hayat\u0131n\u0131 kaybedenlerin oldu\u011fu bildirildi. Kaza, Sarayk\u00f6y il\u00e7esinden Buldan y\u00f6n\u00fcne seyreden \u00f6\u011frenci servisinde, ya\u011fmur ya\u011f\u0131\u015f\u0131n\u0131n etkisiyle trafik kazas\u0131 meydana geldi. Kazada hem yaral\u0131lar\u0131n hem de hayat\u0131n\u0131 kaybedenlerin oldu\u011fu bildirildi. Kazaya kar\u0131\u015fan servisin plakas\u0131 35 BYZ&#8230;<\/p>\n","protected":false},"author":1,"featured_media":20211,"comment_status":"open","ping_status":"open","sticky":false,"template":"","format":"standard","meta":{"_crdt_document":"","footnotes":""},"categories":[5],"tags":[],"class_list":["post-20210","post","type-post","status-publish","format-standard","has-post-thumbnail","hentry","category-asayis"],"_links":{"self":[{"href":"https:\/\/www.egemtv.com\/index.php?rest_route=\/wp\/v2\/posts\/20210","targetHints":{"allow":["GET"]}}],"collection":[{"href":"https:\/\/www.egemtv.com\/index.php?rest_route=\/wp\/v2\/posts"}],"about":[{"href":"https:\/\/www.egemtv.com\/index.php?rest_route=\/wp\/v2\/types\/post"}],"author":[{"embeddable":true,"href":"https:\/\/www.egemtv.com\/index.php?rest_route=\/wp\/v2\/users\/1"}],"replies":[{"embeddable":true,"href":"https:\/\/www.egemtv.com\/index.php?rest_route=%2Fwp%2Fv2%2Fcomments&post=20210"}],"version-history":[{"count":1,"href":"https:\/\/www.egemtv.com\/index.php?rest_route=\/wp\/v2\/posts\/20210\/revisions"}],"predecessor-version":[{"id":20212,"href":"https:\/\/www.egemtv.com\/index.php?rest_route=\/wp\/v2\/posts\/20210\/revisions\/20212"}],"wp:featuredmedia":[{"embeddable":true,"href":"https:\/\/www.egemtv.com\/index.php?rest_route=\/wp\/v2\/media\/20211"}],"wp:attachment":[{"href":"https:\/\/www.egemtv.com\/index.php?rest_route=%2Fwp%2Fv2%2Fmedia&parent=20210"}],"wp:term":[{"taxonomy":"category","embeddable":true,"href":"https:\/\/www.egemtv.com\/index.php?rest_route=%2Fwp%2Fv2%2Fcategories&post=20210"},{"taxonomy":"post_tag","embeddable":true,"href":"https:\/\/www.egemtv.com\/index.php?rest_route=%2Fwp%2Fv2%2Ftags&post=20210"}],"curies":[{"name":"wp","href":"https:\/\/api.w.org\/{rel}","templated":true}]}}