{"id":20204,"date":"2025-02-18T17:39:01","date_gmt":"2025-02-18T14:39:01","guid":{"rendered":"https:\/\/www.egemtv.com\/?p=20204"},"modified":"2025-02-18T17:39:06","modified_gmt":"2025-02-18T14:39:06","slug":"cezaevi-araci-devrildi-14-kisi-yaralandi","status":"publish","type":"post","link":"https:\/\/www.egemtv.com\/?p=20204","title":{"rendered":"Cezaevi arac\u0131 devrildi, 14 ki\u015fi yaraland\u0131"},"content":{"rendered":"<p>Afyonkarahisar\u2019da mahkumlar\u0131 ta\u015f\u0131yan cezaevi arac\u0131n\u0131n devrilmesi sonucu ya\u015fanan trafik kazas\u0131nda 14 ki\u015fi yaraland\u0131.<br \/>\n<br \/>Edinilen bilgilere g\u00f6re, s\u00fcr\u00fcc\u00fcs\u00fcn\u00fcn ismi hen\u00fcz belirlenemeyen 03 KS 703 plakal\u0131 cezaevi ring arac\u0131, Bolvadin-\u00c7obanlar kara yolunda \u015farampole devrildi. Kazada ilk belirlemelere g\u00f6re ara\u00e7taki 8\u2019i h\u00fck\u00fcml\u00fc 14 ki\u015fi yaraland\u0131. \u0130hbar \u00fczerine kaza yerine sa\u011fl\u0131k, polis, jandarma ve itfaiye ekipleri sevk edildi.<br \/>\n<br \/>Yaral\u0131lar, sa\u011fl\u0131k ekiplerince Afyonkarahisar\u2019daki hastanelere kald\u0131r\u0131ld\u0131.<br \/>\n<br \/>Jandarma ekiplerinin b\u00f6lgedeki \u00e7al\u0131\u015fmalar\u0131 devam ediyor.<br \/><\/p>\n","protected":false},"excerpt":{"rendered":"<p>Afyonkarahisar\u2019da mahkumlar\u0131 ta\u015f\u0131yan cezaevi arac\u0131n\u0131n devrilmesi sonucu ya\u015fanan trafik kazas\u0131nda 14 ki\u015fi yaraland\u0131. Edinilen bilgilere g\u00f6re, s\u00fcr\u00fcc\u00fcs\u00fcn\u00fcn ismi hen\u00fcz belirlenemeyen 03 KS 703 plakal\u0131 cezaevi ring arac\u0131, Bolvadin-\u00c7obanlar kara yolunda \u015farampole devrildi. Kazada ilk belirlemelere g\u00f6re ara\u00e7taki 8\u2019i h\u00fck\u00fcml\u00fc 14 ki\u015fi yaraland\u0131. \u0130hbar \u00fczerine kaza yerine sa\u011fl\u0131k, polis, jandarma ve itfaiye ekipleri sevk edildi. Yaral\u0131lar,&#8230;<\/p>\n","protected":false},"author":1,"featured_media":20205,"comment_status":"open","ping_status":"open","sticky":false,"template":"","format":"standard","meta":{"_crdt_document":"","footnotes":""},"categories":[5],"tags":[],"class_list":["post-20204","post","type-post","status-publish","format-standard","has-post-thumbnail","hentry","category-asayis"],"_links":{"self":[{"href":"https:\/\/www.egemtv.com\/index.php?rest_route=\/wp\/v2\/posts\/20204","targetHints":{"allow":["GET"]}}],"collection":[{"href":"https:\/\/www.egemtv.com\/index.php?rest_route=\/wp\/v2\/posts"}],"about":[{"href":"https:\/\/www.egemtv.com\/index.php?rest_route=\/wp\/v2\/types\/post"}],"author":[{"embeddable":true,"href":"https:\/\/www.egemtv.com\/index.php?rest_route=\/wp\/v2\/users\/1"}],"replies":[{"embeddable":true,"href":"https:\/\/www.egemtv.com\/index.php?rest_route=%2Fwp%2Fv2%2Fcomments&post=20204"}],"version-history":[{"count":1,"href":"https:\/\/www.egemtv.com\/index.php?rest_route=\/wp\/v2\/posts\/20204\/revisions"}],"predecessor-version":[{"id":20206,"href":"https:\/\/www.egemtv.com\/index.php?rest_route=\/wp\/v2\/posts\/20204\/revisions\/20206"}],"wp:featuredmedia":[{"embeddable":true,"href":"https:\/\/www.egemtv.com\/index.php?rest_route=\/wp\/v2\/media\/20205"}],"wp:attachment":[{"href":"https:\/\/www.egemtv.com\/index.php?rest_route=%2Fwp%2Fv2%2Fmedia&parent=20204"}],"wp:term":[{"taxonomy":"category","embeddable":true,"href":"https:\/\/www.egemtv.com\/index.php?rest_route=%2Fwp%2Fv2%2Fcategories&post=20204"},{"taxonomy":"post_tag","embeddable":true,"href":"https:\/\/www.egemtv.com\/index.php?rest_route=%2Fwp%2Fv2%2Ftags&post=20204"}],"curies":[{"name":"wp","href":"https:\/\/api.w.org\/{rel}","templated":true}]}}